{"id":194,"count":1,"description":"","link":"https:\/\/www.manologarciaycia.com\/?tag=manolo-garcia-exposicion-fotografias-adenex","name":"manolo garc\u00eda exposici\u00f3n fotograf\u00edas adenex","slug":"manolo-garcia-exposicion-fotografias-adenex","taxonomy":"post_tag","meta":[],"_links":{"self":[{"href":"https:\/\/www.manologarciaycia.com\/index.php?rest_route=\/wp\/v2\/tags\/194","targetHints":{"allow":["GET"]}}],"collection":[{"href":"https:\/\/www.manologarciaycia.com\/index.php?rest_route=\/wp\/v2\/tags"}],"about":[{"href":"https:\/\/www.manologarciaycia.com\/index.php?rest_route=\/wp\/v2\/taxonomies\/post_tag"}],"wp:post_type":[{"href":"https:\/\/www.manologarciaycia.com\/index.php?rest_route=%2Fwp%2Fv2%2Fposts&tags=194"},{"href":"https:\/\/www.manologarciaycia.com\/index.php?rest_route=%2Fwp%2Fv2%2Fajde_events&tags=194"}],"curies":[{"name":"wp","href":"https:\/\/api.w.org\/{rel}","templated":true}]}}