{"id":999,"date":"2010-10-06T09:52:26","date_gmt":"2010-10-06T08:52:26","guid":{"rendered":"http:\/\/petaos.net\/?p=999"},"modified":"2010-10-06T11:38:20","modified_gmt":"2010-10-06T10:38:20","slug":"mg-vengo-a-picar-piedra-como-he-hecho-en-espana","status":"publish","type":"post","link":"https:\/\/www.manologarciaycia.com\/?p=999","title":{"rendered":"MG: &#8216;Vengo a picar piedra, como he hecho en Espa\u00f1a&#8217;"},"content":{"rendered":"<p>El m\u00fasico espa\u00f1ol lanza un disco exclusivo para Latinoam\u00e9rica. Este martes comienza la venta en M\u00e9xico, donde actuar\u00e1 el 7 de noviembre. Habla con elmundo.es de eso y de la crisis, de la huelga, de los toros&#8230;<\/p>\n<p>Su verborrea y entusiasmo es contagioso. No calla y ha comprobado que nadie lo hace. Lleva una peque\u00f1a c\u00e1mara de video a todas partes, desde hace dos a\u00f1os, \u00abpara grabar la vida\u00bb y su experimento sociol\u00f3gico le dice que todos queremos hablar, \u00abporque estamos un poco solos y tenemos necesidad de comunicarnos y salir de nosotros mismos, que es agotador\u00bb.<\/p>\n<p style=\"text-align: center;\"><object classid=\"clsid:d27cdb6e-ae6d-11cf-96b8-444553540000\" width=\"480\" height=\"385\" codebase=\"http:\/\/download.macromedia.com\/pub\/shockwave\/cabs\/flash\/swflash.cab#version=6,0,40,0\"><param name=\"allowFullScreen\" value=\"true\" \/><param name=\"allowscriptaccess\" value=\"always\" \/><param name=\"src\" value=\"http:\/\/www.youtube.com\/v\/5lqrak-Dptw?fs=1&amp;hl=es_ES\" \/><param name=\"allowfullscreen\" value=\"true\" \/><embed type=\"application\/x-shockwave-flash\" width=\"480\" height=\"385\" src=\"http:\/\/www.youtube.com\/v\/5lqrak-Dptw?fs=1&amp;hl=es_ES\" allowscriptaccess=\"always\" allowfullscreen=\"true\"><\/embed><\/object><\/p>\n<p>Le gustar\u00eda que el mundo cambiase, que se volviese m\u00e1s humano, menos urbano y m\u00e1s rural con gente comprometida con su entorno, pero no es su responsabilidad, aunque le duela como si fuera suya. El pone su granito de arena en cada canci\u00f3n, en cada disco con letras que dicen mucho, hacen reflexionar a\u00fan m\u00e1s. Como las del \u00faltimo trabajo que sale este martes a la venta en M\u00e9xico.<\/p>\n<p>Fuente: El Mundo Am\u00e9rica.<\/p>\n<p>&#8211; &#8216;De mares y visiones&#8217; es un regalo para el p\u00fablico latinoamericano. \u00bfQu\u00e9 les deb\u00eda a sus fans latinos?<\/p>\n<p>&#8211; Siento que soy como el r\u00edo Guadiana con el p\u00fablico latinoamericano. Aparezco y desaparezco. La gente me escribe, de Per\u00fa, de Guatemala y sent\u00eda que hab\u00eda mucha confusi\u00f3n con mi trabajo. Este disco es una nueva carta de presentaci\u00f3n para tocar aqu\u00ed. Una recopilaci\u00f3n con 18 \u00e9xitos, s\u00f3lo para Latinoam\u00e9rica, no se vender\u00e1 en Espa\u00f1a para que sea exclusivo de los pa\u00edses donde se va a presentar.<\/p>\n<p>&#8211; Volver a cruzar el charco, \u00bfpone las pilas?<\/p>\n<p>&#8211; Volver a empezar es un subid\u00f3n. Espabilarse, reinventarse y despejarse, es algo estupendo. A veces la situaci\u00f3n en la que est\u00e1s te puedes llegar a adormecer, y volver a subir los escalones que ya hiciste puede ser penoso o no, seg\u00fan como te lo plantees. Ahora no vengo en lor de multitudes, puedo quedarme en Espa\u00f1a, pero tengo que picar piedra aqu\u00ed como lo he hecho all\u00e1.<\/p>\n<p>&#8211; Picar piedra y ser un artista&#8230; parecen dos conceptos antag\u00f3nicos.<\/p>\n<p>&#8211; Siempre he sido un trabajador de la m\u00fasica, jam\u00e1s he sido un arist\u00f3crata de mi oficio. Desde que me propuse ser m\u00fasico con trece a\u00f1os, sigo teniendo una gran pasi\u00f3n y sigo queriendo ser m\u00fasico, no se me ha ido un \u00e1pice de la ilusi\u00f3n inicial. Cada disco nuevo es un reto y un momento emocionante.<\/p>\n<p>&#8211; \u00bfEn Espa\u00f1a se tiene que o\u00edr mucha m\u00fasica ahora para olvidar la crisis?<\/p>\n<p>&#8211; Yo quiero pensar que Espa\u00f1a no est\u00e1 tan gris, porque ser\u00eda muy triste. Siempre se buscan culpables y somos todos un poco inocentes y un poco culpables. Le\u00ed de un periodista extranjero que la crisis en un pa\u00eds anglosaj\u00f3n es m\u00e1s dura porque hay m\u00e1s individualismo. En Espa\u00f1a hay una parte buena, la familia como agrupaci\u00f3n s\u00f3lida tiene una validez absoluta. Si hay un hermano, un cu\u00f1ado que est\u00e1 en paro, siempre hay un familiar que le va a acoger y ayudar. Una canci\u00f3n no cambia el mundo, pero nos hace m\u00e1s llevadera la vida. Si hay que pedalear, mejor hacerlo con buen humor, con esperanza y sin lamentos.<\/p>\n<p>&#8211; Si la huelga general hubiera coincidido con un concierto suyo, \u00bfConcierto o a la huelga?<\/p>\n<p>&#8211; No hubiera hecho concierto, hay que mantener una actitud de coherencia.<\/p>\n<p>&#8211; Como en su lucha para poner un precio fijo en las entradas a sus concierto. Y en pesos mexicanos, \u00bfcu\u00e1nto cuestan?<\/p>\n<p>&#8211; Marco unos par\u00e1metros y trato de ser cuidadoso, aunque en el extranjero son precios que pueden subir m\u00e1s de lo que me gustar\u00eda, por los gastos, costes, producci\u00f3n y me encuentro en la disyuntiva de ponerme fuerte o aceptar la situaci\u00f3n. Si el precio es alto, estoy haciendo una ruptura de clases, la persona con situaci\u00f3n econ\u00f3mica de bonanza y la persona con precaridad econ\u00f3mica no puede venir y esto no me gusta nada, pero la situaci\u00f3n no la puedo controlar tanto como en Espa\u00f1a.<\/p>\n<p>&#8211; M\u00e9xico es un pa\u00eds de gigantes contrastes entre ricos y pobres&#8230;<\/p>\n<p>&#8211; Creo que la mayor\u00eda de los males vienen de la desigualdad social y eso lo podemos trasladar a un sistema global, planetario que ya lo es. La mayor parte de los problemas llegar\u00e1n por injusticia social, debe haber una paridad en cuanto a lo b\u00e1sico. En los pa\u00edses en crisis aumenta la delincuencia. Una persona tiene que poder dar de comer a su familia, llevar a sus hijos a la escuela y cuando no se tiene eso, un pa\u00eds no funciona bien.<\/p>\n<p>&#8211; Dicen que ya de ni\u00f1o era tan consciente&#8230;<\/p>\n<p>&#8211; Me la han traspasado mis mayores, mi padre, mis abuelos eran labradores a cuenta de otros. Mi padre era una persona que por un magro sueldo trabajaba de sol a sol con un pico y una pala, pero tambi\u00e9n las personas con un poder econ\u00f3mico tienen que pedalear porque tener dinero es una cuesti\u00f3n f\u00e1cil.<\/p>\n<p>&#8211; Y a la gente joven, \u00bfqu\u00e9 se le dice con la que est\u00e1 cayendo?<\/p>\n<p>&#8211; Creo que lo m\u00e1s importante es hincar el diente a una profesi\u00f3n que ame, pienso que es mucho m\u00e1s dudoso buscar una salida laboral que d\u00e9 dinero y que no te gusta, a la larga va a ser peor. Es una apreciaci\u00f3n propia, no que sea la buena.<\/p>\n<p>&#8211; Sus fans se hacen llamar &#8216;manoleros&#8217;, maestro. Piropos taurinos. \u00bfCatal\u00e1n y pro toros?<\/p>\n<p>&#8211; Yo ah\u00ed me muevo en un terreno pantanoso familiar. Por un lado mi familia siempre ha sido muy taurina. De ni\u00f1o he ido cada a\u00f1o a ver encierros y ese mundo forma parte de mi paisaje infantil, pero de mayor me estoy haciendo un poco antitaurino, aunque respeto mucho el mundo taurino, pero igual me estoy ablandando. Adem\u00e1s, pienso tambi\u00e9n en los millones de pollos, cerdos que se sacrifican para que coma todo el planeta y todo es tan relativo. No s\u00e9, la verdad que no puedo definirme en este tema.<\/p>\n<p>&#8211; Es un gran defensor del mundo rural a lo Labordeta, \u00bftambi\u00e9n le gustar\u00eda entrar en pol\u00edtica?<\/p>\n<p>&#8211; Era seguidor de Labordeta, me gustaba el papel que hac\u00eda, el trato que ten\u00eda con la gente de la calle. Yo tambi\u00e9n soy muy rural, pero no es mi papel la pol\u00edtica. A\u00fan guardo el arado de mi abuelo, las aguaderas de esparto. Ten\u00eda un peque\u00f1o burrito, ovejas, gallinas y todo eso pervive en m\u00ed, es lo que me ha dado esa impronta, esa identidad y me gusta. Cuando leo que en 50 a\u00f1os el 90% de la poblaci\u00f3n del mundo ser\u00e1 urbana pienso, que barbaridad, qui\u00e9n har\u00e1 la comida&#8230; no podemos dejar que las multinacionales nos den de comer. Me gusta saber que en cada pueblo hay agricultores que ofrecen sus productos, tengo un recelo a las multinacionales. Los franceses defienden a capa y espada el tema rural y en Espa\u00f1a ni el agricultor tiene la capacidad para sumar fuerza de una manera eficaz a pesar de que luchan, ni los diferentes gobiernos han tenido esas ganas de luchar por el agricultor. Es una perdida cultural enorme. A m\u00ed todo eso me preocupa y una pincelada de esto sale en mis canciones.<\/p>\n<p>Fuente: El Mundo Am\u00e9rica &#8211; Marta G\u00f3mez-Rodulfo | M\u00e9xico DF &#8211;\u00a0 <a href=\"http:\/\/www.elmundo.es\/america\/2010\/10\/05\/mexico\/1286307552.html\" target=\"_blank\">ENLACE<\/a><\/p>\n","protected":false},"excerpt":{"rendered":"<p>El m\u00fasico espa\u00f1ol lanza un disco exclusivo para Latinoam\u00e9rica. Este martes comienza la venta en M\u00e9xico, donde actuar\u00e1 el 7 de noviembre. Habla con elmundo.es de eso y de la crisis, de la huelga, de los toros&#8230; Su verborrea y entusiasmo es contagioso. No calla y ha comprobado que nadie lo hace. Lleva una peque\u00f1a<a class=\"moretag\" href=\"https:\/\/www.manologarciaycia.com\/?p=999\" title=\"MG: &#8216;Vengo a picar piedra, como he hecho en Espa\u00f1a&#8217;\" target=\"_self\" rel=\"follow\"> <font face=arial size=2>[Leer m\u00e1s]<\/font> <\/a><\/p>\n","protected":false},"author":2,"featured_media":0,"comment_status":"closed","ping_status":"closed","sticky":false,"template":"","format":"standard","meta":{"footnotes":""},"categories":[1],"tags":[152],"class_list":["post-999","post","type-post","status-publish","format-standard","hentry","category-manolo-garcia","tag-manolo-garcia-entrevista-mexico-mundo-mares-y-visiones"],"_links":{"self":[{"href":"https:\/\/www.manologarciaycia.com\/index.php?rest_route=\/wp\/v2\/posts\/999","targetHints":{"allow":["GET"]}}],"collection":[{"href":"https:\/\/www.manologarciaycia.com\/index.php?rest_route=\/wp\/v2\/posts"}],"about":[{"href":"https:\/\/www.manologarciaycia.com\/index.php?rest_route=\/wp\/v2\/types\/post"}],"author":[{"embeddable":true,"href":"https:\/\/www.manologarciaycia.com\/index.php?rest_route=\/wp\/v2\/users\/2"}],"replies":[{"embeddable":true,"href":"https:\/\/www.manologarciaycia.com\/index.php?rest_route=%2Fwp%2Fv2%2Fcomments&post=999"}],"version-history":[{"count":3,"href":"https:\/\/www.manologarciaycia.com\/index.php?rest_route=\/wp\/v2\/posts\/999\/revisions"}],"predecessor-version":[{"id":1003,"href":"https:\/\/www.manologarciaycia.com\/index.php?rest_route=\/wp\/v2\/posts\/999\/revisions\/1003"}],"wp:attachment":[{"href":"https:\/\/www.manologarciaycia.com\/index.php?rest_route=%2Fwp%2Fv2%2Fmedia&parent=999"}],"wp:term":[{"taxonomy":"category","embeddable":true,"href":"https:\/\/www.manologarciaycia.com\/index.php?rest_route=%2Fwp%2Fv2%2Fcategories&post=999"},{"taxonomy":"post_tag","embeddable":true,"href":"https:\/\/www.manologarciaycia.com\/index.php?rest_route=%2Fwp%2Fv2%2Ftags&post=999"}],"curies":[{"name":"wp","href":"https:\/\/api.w.org\/{rel}","templated":true}]}}