{"id":9942,"date":"2004-04-26T09:16:41","date_gmt":"2004-04-26T07:16:41","guid":{"rendered":"http:\/\/www.manologarciaycia.com\/?p=9942"},"modified":"2014-06-28T09:23:21","modified_gmt":"2014-06-28T07:23:21","slug":"perro-records-no-confirma-la-asistencia-de-manolo-manolo-garcia-presentara-voc","status":"publish","type":"post","link":"https:\/\/www.manologarciaycia.com\/?p=9942","title":{"rendered":"PERRO RECORDS NO CONFIRMA LA ASISTENCIA DE MANOLO: Manolo Garc\u00eda presentar\u00e1 &#8216;Voc&#8217;"},"content":{"rendered":"<p><b>AUN ESTANDO PUBLICADO EN MEDIOS DE COMUNICACION, PERRO RECORDS NO HA CONFIRMADO LA PRESENCIA DE MANOLO EN DICHO ACTO&#8230;<\/b><\/p>\n<p>Aun habi\u00e9ndolo publicado hasta Europa Press, y seg\u00fan me comunican desde Managment de<span class=\"apple-converted-space\">\u00a0<\/span><b>Manolo Garc\u00eda<\/b>, \u00e9ste no acudir\u00e1 al acto del s\u00e1bado en Ayerbe, Huesca&#8230; :-(<span class=\"apple-converted-space\">\u00a0<\/span><\/p>\n<p>El 01\/05\/2004, a las 23.00h.<span class=\"apple-converted-space\">\u00a0<\/span><b>Manolo Garc\u00eda<\/b><span class=\"apple-converted-space\">\u00a0<\/span>presentar\u00e1 la velada musical y po\u00e9tica<span class=\"apple-converted-space\">\u00a0<\/span><i>\u00abVoces para el agua\u00bb<\/i><span class=\"apple-converted-space\">\u00a0<\/span>en una carpa situada en la Plaza Ayerbe de<span class=\"apple-converted-space\">\u00a0<\/span><i>Huesca<\/i>.<\/p>\n<p>La<span class=\"apple-converted-space\">\u00a0<\/span><i>Asociaci\u00f3n de Almadieros del R\u00edo G\u00e1llego<\/i><span class=\"apple-converted-space\">\u00a0<\/span>celebrar\u00e1 desde el viernes d\u00eda 30 de abril hasta el domingo d\u00eda 2 de mayo las II jornadas de descenso por el r\u00edo entre las localidades de Murillo y Ayerbe a bordo de estas embarcaciones.<\/p>\n<p>Los actos comenzar\u00e1n a las 16,00 horas del viernes 30 cola preparaci\u00f3n de las almad\u00edas. Se adobar\u00e1 la madera, se montar\u00e1 y se atar\u00e1n los maderos. Dos horas despu\u00e9s, en el sal\u00f3n de actos del Ayuntamiento de Ayerbe se presentar\u00e1n los libros \u00abLa tierra de San Jorge\u00bb de Lola Gim\u00e9nez Banzo, la \u00abLa campana de Er\u00e1s\u00bb, de In\u00e9s Arias y \u00abLos espejos del agua\u00bb, de Francisco Mart\u00ednez Gil.<\/p>\n<p>El d\u00eda 1 de mayo a las 11,00 horas se inaugurar\u00e1n una serie de exposiciones sobre la flora y la fauna de las riberas del G\u00e1llego en el Pabell\u00f3n Polideportivo de Ayerbe. Un pasacalle musical recorrer\u00e1 a partir de las 17,00 horas las plazas de este municipio alto aragon\u00e9s.<\/p>\n<p>Asimismo, a las 19,00 horas est\u00e1 prevista una charla titulada Agua, territorio e identidad: alternativas en el siglo XXI. En ella intervendr\u00e1n catedr\u00e1ticos de las universidades de Barcelona y Zaragoza as\u00ed como los presidentes de la Comunidad General de Riegos del Alto Arag\u00f3n y el presidente de la asociaci\u00f3n Pro-Canal de la Hoya, C\u00e9sar Trillo y Juan Lino, respectivamente.<\/p>\n<p>A partir de las 21,00 horas comenzaron los actos festivos. En primer lugar se celebrar\u00e1 una longaniza da popular y posteriormente en una carpa situada en la Plaza de Ayerbe est\u00e1 previsto una velada musical y po\u00e9tica titulada<span class=\"apple-converted-space\">\u00a0<\/span><b>\u00abVoces para el agua\u00bb<\/b><span class=\"apple-converted-space\">\u00a0<\/span>que estar\u00e1 presentada por el cantautor<b> Manolo Garc\u00eda<\/b>. En ella intervendr\u00e1n La Ronda de Bolta\u00f1a y varios disc-jockeys. El precio de este evento ser\u00e1 de 3 euros.<\/p>\n<p>Los actos culminar\u00e1n el domingo con el descenso de las almandias por las aguas brava desde Muillo de Gallego hasta Ayerbe. A las14:00 horas este municipio acoger\u00e1 una comida popular que costar\u00e1 7 euros y a las 18,00 horas se celebrar\u00e1 un espect\u00e1culo de danzas aragonesas en las plazas de la localidad.<\/p>\n<p>Fuente: EuropaPress &#8211; El Pirineo Digital &#8211; Web El Ultimo de la Fila<span class=\"apple-converted-space\">\u00a0<\/span><a href=\"http:\/\/www.manologarciaycia.com\/wp-admin\/post-new.php\" target=\"_new\">http:\/\/www.webeudlf.net<\/a><\/p>\n","protected":false},"excerpt":{"rendered":"<p>AUN ESTANDO PUBLICADO EN MEDIOS DE COMUNICACION, PERRO RECORDS NO HA CONFIRMADO LA PRESENCIA DE MANOLO EN DICHO ACTO&#8230; Aun habi\u00e9ndolo publicado hasta Europa Press, y seg\u00fan me comunican desde Managment de\u00a0Manolo Garc\u00eda, \u00e9ste no acudir\u00e1 al acto del s\u00e1bado en Ayerbe, Huesca&#8230; :-(\u00a0 El 01\/05\/2004, a las 23.00h.\u00a0Manolo Garc\u00eda\u00a0presentar\u00e1 la velada musical y po\u00e9tica\u00a0\u00abVoces<a class=\"moretag\" href=\"https:\/\/www.manologarciaycia.com\/?p=9942\" title=\"PERRO RECORDS NO CONFIRMA LA ASISTENCIA DE MANOLO: Manolo Garc\u00eda presentar\u00e1 &#8216;Voc&#8217;\" target=\"_self\" rel=\"follow\"> <font face=arial size=2>[Leer m\u00e1s]<\/font> <\/a><\/p>\n","protected":false},"author":2,"featured_media":0,"comment_status":"closed","ping_status":"open","sticky":false,"template":"","format":"standard","meta":{"footnotes":""},"categories":[1],"tags":[],"class_list":["post-9942","post","type-post","status-publish","format-standard","hentry","category-manolo-garcia"],"_links":{"self":[{"href":"https:\/\/www.manologarciaycia.com\/index.php?rest_route=\/wp\/v2\/posts\/9942","targetHints":{"allow":["GET"]}}],"collection":[{"href":"https:\/\/www.manologarciaycia.com\/index.php?rest_route=\/wp\/v2\/posts"}],"about":[{"href":"https:\/\/www.manologarciaycia.com\/index.php?rest_route=\/wp\/v2\/types\/post"}],"author":[{"embeddable":true,"href":"https:\/\/www.manologarciaycia.com\/index.php?rest_route=\/wp\/v2\/users\/2"}],"replies":[{"embeddable":true,"href":"https:\/\/www.manologarciaycia.com\/index.php?rest_route=%2Fwp%2Fv2%2Fcomments&post=9942"}],"version-history":[{"count":1,"href":"https:\/\/www.manologarciaycia.com\/index.php?rest_route=\/wp\/v2\/posts\/9942\/revisions"}],"predecessor-version":[{"id":9943,"href":"https:\/\/www.manologarciaycia.com\/index.php?rest_route=\/wp\/v2\/posts\/9942\/revisions\/9943"}],"wp:attachment":[{"href":"https:\/\/www.manologarciaycia.com\/index.php?rest_route=%2Fwp%2Fv2%2Fmedia&parent=9942"}],"wp:term":[{"taxonomy":"category","embeddable":true,"href":"https:\/\/www.manologarciaycia.com\/index.php?rest_route=%2Fwp%2Fv2%2Fcategories&post=9942"},{"taxonomy":"post_tag","embeddable":true,"href":"https:\/\/www.manologarciaycia.com\/index.php?rest_route=%2Fwp%2Fv2%2Ftags&post=9942"}],"curies":[{"name":"wp","href":"https:\/\/api.w.org\/{rel}","templated":true}]}}