{"id":9940,"date":"2004-04-25T09:08:36","date_gmt":"2004-04-25T07:08:36","guid":{"rendered":"http:\/\/www.manologarciaycia.com\/?p=9940"},"modified":"2014-06-28T09:16:05","modified_gmt":"2014-06-28T07:16:05","slug":"aniversario-del-fallecimiento-de-marc-grau-25041999","status":"publish","type":"post","link":"https:\/\/www.manologarciaycia.com\/?p=9940","title":{"rendered":"Aniversario del fallecimiento de Marc Grau (25\/04\/1999)"},"content":{"rendered":"<p>Su nombre est\u00e1 inevitablemente ligado al de <b>El \u00daltimo de la Fila<\/b>, grupo del que fue guitarrista durante varios a\u00f1os. Pero adem\u00e1s, destac\u00f3 por ser uno de los mejores productores que ha dado el rock catal\u00e1n.<\/p>\n<p>De hecho, muchos le reconocen como el verdadero padre de ese fen\u00f3meno. Produjo algunos de los \u00e1lbumes m\u00e1s sabrosos de grupos como <i>Sopa de Cabra<\/i>, <i>Els Pets<\/i> (a los que acompa\u00f1\u00f3 como guitarrista en divesas giras, como un componente m\u00e1s, desde 1991 a 1998), <i>Lax\u00bbn\u00bbBusto<\/i> o <i>Umpah-Pah<\/i>, entre otros.<\/p>\n<p>En 1997 public\u00f3 su \u00e1lbum debut en solitario, Instrumental. Falleci\u00f3 v\u00edctima de un c\u00e1ncer, el pasado 25\/04\/1999.<\/p>\n<p>Fuente: Los40.com<\/p>\n<p>A continuaci\u00f3n,\u00a0la noticia de su fallecimiento aparecida en el Pais del 26\/04\/1999, y una Entrevista de El Pais realizada a <b>Marc Grau<\/b> el 31\/12\/1997 con motivo de la edicion de su trabajo en solitario&#8230; Desde Petaos.net mantenemos el recuerdo del genial guitarra catal\u00e1n, artifice de grandes \u00e9xitos junto a sus amigos <b>Manolo Garc\u00eda<\/b> y <b>Quimi Portet.<\/b><\/p>\n<p><u><strong>Muere a los 45 a\u00f1os el m\u00fasico Marc Grau, impulsor del rock catal\u00e1n<\/strong><\/u><\/p>\n<p>&#8211; El guitarrista fue productor de nuevos grupos<\/p>\n<p>El m\u00fasico y productor catal\u00e1n Marc Grau falleci\u00f3 en la madrugada del domingo en Barcelona a los 45 a\u00f1os, tras una larga enfermedad que, sin embargo, no le apart\u00f3 de su trabajo cotidiano. Grau no cultiv\u00f3 jam\u00e1s su faceta p\u00fablica, pero su nombre est\u00e1 ligado a casi todos los avatares del pop rock hecho en Catalu\u00f1a en los \u00faltimos 20 a\u00f1os. Su impronta ha quedado reflejada en m\u00faltiples colaboraciones con todo tipo de artistas, entre ellos, El \u00daltimo de la Fila, Jaume Sisa, Sopa de Cabra y Els Pets.<\/p>\n<p>La enfermedad de Grau, diagnosticada hace tiempo, no le impidi\u00f3 continuar con una de las grandes pasiones de su vida, la producci\u00f3n musical, y como fruto de ese tes\u00f3n, Grau acababa de entregar la que ser\u00e1 su obra p\u00f3stuma: Sol, el \u00faltimo disco del grupo Els Pets. Grau iba para guitarrista desde peque\u00f1o. Su madre le compr\u00f3 la primera guitarra cuando ten\u00eda 11 a\u00f1os. Sus primeras escaramuzas sobre un escenario las vivi\u00f3 con Rocky Muntanyola, \u00e1lter ego de Ia Clua, y a ra\u00edz de esa relaci\u00f3n conoci\u00f3 a Quimi Portet. Por aquella \u00e9poca \u00e9ste capitaneaba un oscuro grupo llamado Kul de Mandril, que en muchas ocasiones ejerc\u00eda el papel de telonero de Muntanyola. Fue as\u00ed como se conocieron Grau y Portet, relaci\u00f3n que condujo al primero a entablar amistad con Manolo Garc\u00eda.<\/p>\n<p>Pero Grau ya hab\u00eda velado armas con otros artistas del panorama musical catal\u00e1n, tales como Jaume Sisa, al que entreg\u00f3 su guitarra entre 1983 y 1986. En el disco La nit de Sant Joan, las seis cuerdas de Grau apoyan la voz del cantautor gal\u00e1ctico. Eso ocurr\u00eda sin que el guitarrista supiese a\u00fan que su nombre estaba sonando en las mentes de Garc\u00eda y Portet como guitarra solista para un grupo que por entonces ideaban y que se llamar\u00eda El \u00daltimo de la Fila. As\u00ed, Grau fue el primer guitarra de esta banda, con la que estuvo trabajando como miembro fijo durante su primer periodo de esplendor, entre 1986 y 1992. Portet record\u00f3 ayer de esa \u00e9poca \u00abel extraordinario sentido del humor de Marc, una persona tocada con un humor elegante y fino que le hac\u00eda capaz de re\u00edrse con mesura de cualquier situaci\u00f3n\u00bb. \u00abUno de los entretenimientos en nuestros viajes en furgoneta\u00bb, evoc\u00f3, \u00abera imitar a los deportistas que eran entrevistados en la radio, y Marc siempre asum\u00eda el papel del entrenador. Era capaz de imitarlos con una iron\u00eda extraordinaria\u00bb.<\/p>\n<p>Tras abandonar El \u00daltimo de la Fila, Grau inici\u00f3 su carrera como productor musical, que le llev\u00f3 a producir a casi todos los grandes grupos del pop rock catal\u00e1n en el periodo de arranque de sus carreras. De esta manera pasaron por sus manos Sopa de Cabra, Umpah-Pah, Lax&#8217;N&#8217;Busto, Bars, La Madam y un largo etc\u00e9tera. Dos trabajos de Sopa de Cabra (La roda, de 1990, y Ben endins, de 1991) y uno de Els Pets (Bon dia, de 1998), producidos por Grau fueron disco de oro.<\/p>\n<p>Gerard Quintana, de Sopa de Cabra, destac\u00f3 ayer de Grau su \u00abpersonalidad did\u00e1ctica\u00bb. \u00abNos ense\u00f1\u00f3 casi todo lo que sabemos, a nosotros y a la mayor\u00eda de los grupos con los que ha trabajado\u00bb, destac\u00f3. Quiso subrayar tambi\u00e9n la sensibilidad del guitarrista. Record\u00f3 que en la grabaci\u00f3n del disco Mundo infierno, en 1993, \u00e9l se desmay\u00f3 de cansancio, y Grau se afect\u00f3 tanto cuando vio que se desplomaba Quintana, que tambi\u00e9n se desmay\u00f3. \u00abQu\u00e9 susto me has dado, t\u00edo, cre\u00eda que hab\u00edas muerto\u00bb, cont\u00f3 el cantante que le dijo el productor cuando ambos recobraron el conocimiento.<\/p>\n<p>Grau produjo toda la discograf\u00eda de Els Pets desde su segundo disco, Calla y balla. Adem\u00e1s, se incorpor\u00f3 a la banda como guitarra solista, y la casualidad ha querido que su \u00faltimo concierto con ellos lo ofreciese exactamente un a\u00f1o antes de su fallecimiento. Fue en Valencia, con motivo del homenaje a Enric Valor que organiz\u00f3 Acci\u00f3 Cultural del Pa\u00eds Valenci\u00e0. Ayer los miembros del grupo estaba tan conmovidos por la noticia del fallecimiento de Grau que rehusaron hacer declaraciones p\u00fablicas.<\/p>\n<p>El \u00faltimo a\u00f1o en la vida profesional de Grau estuvo tambi\u00e9n consagrado a Els Pets, ya que produjo su noveno \u00e1lbum, Sol. A pesar del avance de su enfermedad, no abandon\u00f3 los estudios de grabaci\u00f3n, e incluso acompa\u00f1\u00f3 al grupo a G\u00e9nova para realizar las mezclas del disco. De eso hace un mes y medio. Antes, en 1998, Grau edit\u00f3 su \u00fanico disco en solitario, un \u00e1lbum titulado Instrumental.<\/p>\n<p>Fuente: El Pa\u00eds &#8211; <a href=\"http:\/\/elpais.com\/diario\/1999\/04\/26\/cultura\/925077609_850215.html\" target=\"_blank\">ENLACE<\/a> &#8211; LUIS HIDALGO Barcelona 26 ABR 1999<\/p>\n<p><u><strong>\u00abReivindico el rock instrumental\u00bb<\/strong><\/u><\/p>\n<p>Tras a\u00f1os de prestar su guitarra a otros artistas, Marc Grau a decidido por fin prest\u00e1rsela a s\u00ed mismo. Conocido por haber acompa\u00f1ado a Sisa, El \u00daltimo de la Fila y ya desde hace a\u00f1os a Els Pets, este guitarrista, productor y compositor ha decidido por fin editar su primer disco en solitario. Se titula Instrumental, y lo componen 14 temas, cinco de los cuales son versiones en las que Grau rinde tributo a sus recuerdos (Booker T, Brian Auger, Shadows, Santana, etc\u00e9tera).Grau cede todo el protagonismo al rock sin vocalista: \u00abDesde hace muchos a\u00f1os no se hace rock instrumental, hay un hueco en el panorama que hoy por hoy s\u00f3lo lo visitan los grupos de posrock. Yo he querido recuperar el rock instrumental con mi disco, un disco de rock sin voces, un disco abierto y ecl\u00e9ctico en el que no han cabido estilos puros. Me he animado a publicar un disco en solitario, por reivindicar un g\u00e9nero en desuso y dar rienda suelta a mis propias composiciones\u00bb.<\/p>\n<p>Marc Grau a\u00fan recuerda los ,tiempos en que la m\u00fasica instrumental ten\u00eda peso, y piezas como Listen hear (Brian Auger) se bailaban en las discotecas: \u00abAnalizando esta pieza descubres quetiene 140 bpm, as\u00ed como Time \u00a1s tigh (Booker T) tiene 160 bpm, frecuencia ritmica, que hoy mismo se sigue bailando en las discos de techno. Es como si nada hubiera cambiado al margen de la forma, de la est\u00e9tica. \u00bfPor qu\u00e9 hoy la m\u00fasica instrumental que se hace es s\u00f3lo new age o dance? \u00bfAcaso no se puede hacer rock instrumental?\u00bb.<\/p>\n<p>Para Grau, adem\u00e1s de guitarrista tambi\u00e9n productor de buena parte de los mejores discos que ha dejado el pop rock cantado en catal\u00e1n, trabajar sin voz obliga a mirar lo que hay detr\u00e1s, algo que le ense\u00f1\u00f3 Jaume Sisa mientras trabaj\u00f3 con \u00e9l. \u00abSi a un disco de, rock le quistas la voz es cuando se pueden ver las goteras y los desperfectos que pasan desapercibidos porque son tapados por la voz, ese poderoso elemento que todo lo llena. Para trabajar sin voz hay que partir desde otro punto de vista, y yo tomo el de la pintura, un arte que me fascina desde hace tiempo\u00bb, dice Grau. \u00abMe plante\u00e9 el disco como un collage, como una combinaci\u00f3n de elementos que me sirvieran para colorear mis canciones. Si era preciso, como as\u00ed lo fue, usar\u00eda bases pregrabadas e incluso ritmos que se acercaran aljungle. Decid\u00ed usar todo lo necesario para que mi guitarra, mi medionatural de expresi\u00f3n, se hiciese entender\u00bb.<\/p>\n<p>Grau aprendio a tocar \u00bba base de pegar el o\u00eddo al altavoz y sacar los temas de Beatles y Stones\u00bb y desde siempre sinti\u00f3 predilecci\u00f3n por la guitarra. \u00abMe regalaron Help,y pese a que sab\u00eda Another girl no era la mejor canci\u00f3n era una de mis favoritas s\u00f3lo por el sonido de la guitarra. Yo era de los que disfrutaba con los solos\u00bb. Marcado por la tr\u00edada Hendrix-Clapton-Beck, a Grau no le fascina la t\u00e9cnica: \u00abSantana nunca ha sido uno de mis guitarristas favoritos, aunque admire su capacidad mel\u00f3dica. Los guitarristas t\u00e9cnicos y veloces como Satriania nunca me interesaron. Bueno s\u00ed, cuando era chaval y cre\u00eda que todo se solucionaba tocando r\u00e1pido\u00bb.<\/p>\n<p>A estas alturas, y tras haber triunfado como productor -Sopa de Cabra, Umpah-Pah, Pets, Lax&#8217;n&#8217;Busto, etc\u00e9tera; y como instrumentista de acompa\u00f1amiento (Jaume Sisa, El \u00daltimo, Els Pets) Marc Grau aspira a trabajar en lo que le apetezca: \u00abSiempre lo he intentado y me ha salido bien. Lo que tengo m\u00e1s claro es que no quiero que a Instrumental siga un disco testimonial. Seguir\u00e9 tocando y produciendo, pero habr\u00e1 m\u00e1s discos de Marc Grau en el rmercado\u00bb.<\/p>\n<p>Fuente: El Pa\u00eds &#8211; <a href=\"http:\/\/elpais.com\/diario\/1997\/12\/31\/cultura\/883522809_850215.html\" target=\"_blank\">ENLACE<\/a> &#8211; LUIS HIDALGO Barcelona 31 DIC 1997<\/p>\n","protected":false},"excerpt":{"rendered":"<p>Su nombre est\u00e1 inevitablemente ligado al de El \u00daltimo de la Fila, grupo del que fue guitarrista durante varios a\u00f1os. Pero adem\u00e1s, destac\u00f3 por ser uno de los mejores productores que ha dado el rock catal\u00e1n. De hecho, muchos le reconocen como el verdadero padre de ese fen\u00f3meno. Produjo algunos de los \u00e1lbumes m\u00e1s sabrosos<a class=\"moretag\" href=\"https:\/\/www.manologarciaycia.com\/?p=9940\" title=\"Aniversario del fallecimiento de Marc Grau (25\/04\/1999)\" target=\"_self\" rel=\"follow\"> <font face=arial size=2>[Leer m\u00e1s]<\/font> <\/a><\/p>\n","protected":false},"author":2,"featured_media":0,"comment_status":"closed","ping_status":"open","sticky":false,"template":"","format":"standard","meta":{"footnotes":""},"categories":[3,23],"tags":[],"class_list":["post-9940","post","type-post","status-publish","format-standard","hentry","category-el-ultimo-de-la-fila","category-otros"],"_links":{"self":[{"href":"https:\/\/www.manologarciaycia.com\/index.php?rest_route=\/wp\/v2\/posts\/9940","targetHints":{"allow":["GET"]}}],"collection":[{"href":"https:\/\/www.manologarciaycia.com\/index.php?rest_route=\/wp\/v2\/posts"}],"about":[{"href":"https:\/\/www.manologarciaycia.com\/index.php?rest_route=\/wp\/v2\/types\/post"}],"author":[{"embeddable":true,"href":"https:\/\/www.manologarciaycia.com\/index.php?rest_route=\/wp\/v2\/users\/2"}],"replies":[{"embeddable":true,"href":"https:\/\/www.manologarciaycia.com\/index.php?rest_route=%2Fwp%2Fv2%2Fcomments&post=9940"}],"version-history":[{"count":1,"href":"https:\/\/www.manologarciaycia.com\/index.php?rest_route=\/wp\/v2\/posts\/9940\/revisions"}],"predecessor-version":[{"id":9941,"href":"https:\/\/www.manologarciaycia.com\/index.php?rest_route=\/wp\/v2\/posts\/9940\/revisions\/9941"}],"wp:attachment":[{"href":"https:\/\/www.manologarciaycia.com\/index.php?rest_route=%2Fwp%2Fv2%2Fmedia&parent=9940"}],"wp:term":[{"taxonomy":"category","embeddable":true,"href":"https:\/\/www.manologarciaycia.com\/index.php?rest_route=%2Fwp%2Fv2%2Fcategories&post=9940"},{"taxonomy":"post_tag","embeddable":true,"href":"https:\/\/www.manologarciaycia.com\/index.php?rest_route=%2Fwp%2Fv2%2Ftags&post=9940"}],"curies":[{"name":"wp","href":"https:\/\/api.w.org\/{rel}","templated":true}]}}