{"id":9932,"date":"2004-04-23T15:24:13","date_gmt":"2004-04-23T13:24:13","guid":{"rendered":"http:\/\/www.manologarciaycia.com\/?p=9932"},"modified":"2014-06-27T15:30:38","modified_gmt":"2014-06-27T13:30:38","slug":"manolo-garcia-proximo-disco-tras-el-verano","status":"publish","type":"post","link":"https:\/\/www.manologarciaycia.com\/?p=9932","title":{"rendered":"Nota Oficial Manolo Garc\u00eda: Pr\u00f3ximo disco tras el verano"},"content":{"rendered":"<p><strong>Manolo Garc\u00eda<\/strong>\u00a0ultima la grabaci\u00f3n de su Pr\u00f3ximo \u00e1lbum. Un disco que se empez\u00f3 a gestar hace un a\u00f1o y medio y para el que los \u00faltimos seis meses han sido de trabajo intensivo.<\/p>\n<p>Este nuevo \u00e1lbum, tercero en solitario despu\u00e9s de terminar su aventura con\u00a0<strong>El \u00daltimo de la Fila<\/strong>, ha sido grabado a caballo entre\u00a0<em>Barcelona<\/em>,\u00a0<em>Girona<\/em>\u00a0y\u00a0<em>Salvador de Bah\u00eda<\/em>. Producido por el propio\u00a0<strong>Manolo Garc\u00eda<\/strong>, cuenta con las coproducciones de\u00a0<strong>Pedro Javier Gonz\u00e1lez<\/strong>\u00a0y\u00a0<strong>Nacho Lesko<\/strong>\u00a0en parte del disco.<\/p>\n<p>Para este trabajo, se ha rodeado de un plantel de m\u00fasicos muy extenso, para ofrecer un disco ecl\u00e9ctico de mucho y muy variado colorido sonoro; un disco en el que las letras tienen un peso propio y significan otra vuelta de tuerca en el muy personal mundo del m\u00fasico y compositor.<\/p>\n<p>La idea de\u00a0<strong>Manolo Garc\u00eda<\/strong>\u00a0es presentar este disco a la vuelta del verano y, como ya es habitual en \u00e9l, iniciar a la vez una gira de conciertos que, en este caso, tendr\u00e1 dos partes entre las cuales realizar\u00e1 una peque\u00f1a gira por\u00a0<em>Argentina<\/em>,\u00a0<em>M\u00e9jico<\/em>\u00a0y otros pa\u00edses latinoamericanos. En esta primera parte de gira la intenci\u00f3n de\u00a0<strong>Manolo Garc\u00eda<\/strong>\u00a0es tocar en locales de aforo reducido (teatros, auditorios, etc&#8230;), supliendo cuando sea necesario con varias noches esa limitaci\u00f3n de localidades. Al comienzo del siguiente verano, la gira se realizar\u00e1 en espacios al aire libre.<\/p>\n<p>Tambi\u00e9n antes de que acabe el a\u00f1o,\u00a0<strong>Manolo Garc\u00eda<\/strong>\u00a0publicar\u00e1 un libro con todas sus letras desde que empez\u00f3 a componer con\u00a0<strong>Los R\u00e1pidos<\/strong>\u00a0hasta hoy y todos sus dibujos y pinturas realizados en estos a\u00f1os.<\/p>\n<p>Fuente: Ariola \/ BMG \/ Perro Records &#8211; <em>BMG Music Spain &#8211; 28043 MADRID, Espa\u00f1a &#8211; <\/em>A Unit of BMG Entertainment<\/p>\n<p><em>PD: Esta nota de prensa se distribuy\u00f3 a todos los medios de informaci\u00f3n entre el pasado 14\/04\/04 y el 15\/04\/04. Se ha reproducido en varios medios como ya hab\u00edamos publicado en\u00a0<strong>Petaos.net<\/strong>, como\u00a0Los40.com,\u00a0El Mundo,\u00a0Terra, etc&#8230;<\/em><\/p>\n","protected":false},"excerpt":{"rendered":"<p>Manolo Garc\u00eda\u00a0ultima la grabaci\u00f3n de su Pr\u00f3ximo \u00e1lbum. Un disco que se empez\u00f3 a gestar hace un a\u00f1o y medio y para el que los \u00faltimos seis meses han sido de trabajo intensivo. Este nuevo \u00e1lbum, tercero en solitario despu\u00e9s de terminar su aventura con\u00a0El \u00daltimo de la Fila, ha sido grabado a caballo entre\u00a0Barcelona,\u00a0Girona\u00a0y\u00a0Salvador<a class=\"moretag\" href=\"https:\/\/www.manologarciaycia.com\/?p=9932\" title=\"Nota Oficial Manolo Garc\u00eda: Pr\u00f3ximo disco tras el verano\" target=\"_self\" rel=\"follow\"> <font face=arial size=2>[Leer m\u00e1s]<\/font> <\/a><\/p>\n","protected":false},"author":2,"featured_media":0,"comment_status":"closed","ping_status":"open","sticky":false,"template":"","format":"standard","meta":{"footnotes":""},"categories":[1],"tags":[],"class_list":["post-9932","post","type-post","status-publish","format-standard","hentry","category-manolo-garcia"],"_links":{"self":[{"href":"https:\/\/www.manologarciaycia.com\/index.php?rest_route=\/wp\/v2\/posts\/9932","targetHints":{"allow":["GET"]}}],"collection":[{"href":"https:\/\/www.manologarciaycia.com\/index.php?rest_route=\/wp\/v2\/posts"}],"about":[{"href":"https:\/\/www.manologarciaycia.com\/index.php?rest_route=\/wp\/v2\/types\/post"}],"author":[{"embeddable":true,"href":"https:\/\/www.manologarciaycia.com\/index.php?rest_route=\/wp\/v2\/users\/2"}],"replies":[{"embeddable":true,"href":"https:\/\/www.manologarciaycia.com\/index.php?rest_route=%2Fwp%2Fv2%2Fcomments&post=9932"}],"version-history":[{"count":2,"href":"https:\/\/www.manologarciaycia.com\/index.php?rest_route=\/wp\/v2\/posts\/9932\/revisions"}],"predecessor-version":[{"id":9934,"href":"https:\/\/www.manologarciaycia.com\/index.php?rest_route=\/wp\/v2\/posts\/9932\/revisions\/9934"}],"wp:attachment":[{"href":"https:\/\/www.manologarciaycia.com\/index.php?rest_route=%2Fwp%2Fv2%2Fmedia&parent=9932"}],"wp:term":[{"taxonomy":"category","embeddable":true,"href":"https:\/\/www.manologarciaycia.com\/index.php?rest_route=%2Fwp%2Fv2%2Fcategories&post=9932"},{"taxonomy":"post_tag","embeddable":true,"href":"https:\/\/www.manologarciaycia.com\/index.php?rest_route=%2Fwp%2Fv2%2Ftags&post=9932"}],"curies":[{"name":"wp","href":"https:\/\/api.w.org\/{rel}","templated":true}]}}