{"id":9930,"date":"2004-04-15T15:21:54","date_gmt":"2004-04-15T13:21:54","guid":{"rendered":"http:\/\/www.manologarciaycia.com\/?p=9930"},"modified":"2014-06-27T15:22:42","modified_gmt":"2014-06-27T13:22:42","slug":"manolo-garcia-ultima-su-tercer-disco-en-solitario-y-un-libro-con-todas-sus-letras-dibujos-y-pinturas","status":"publish","type":"post","link":"https:\/\/www.manologarciaycia.com\/?p=9930","title":{"rendered":"Manolo Garc\u00eda ultima su tercer disco en solitario y un libro con todas sus letras, dibujos y pinturas"},"content":{"rendered":"<p style=\"color: #000000;\"><span class=\"trecepixnegro\">Manolo Garc\u00eda ultima la grabaci\u00f3n de su pr\u00f3ximo \u00e1lbum, el tercero en solitario del\u00a0<b>cantante de El \u00daltimo de la Fila<\/b>. Un disco que, seg\u00fan informa la discogr\u00e1fica BMG, se empez\u00f3 a gestar hace un a\u00f1o y medio, y para el que los \u00faltimos seis meses han sido de trabajo intensivo.<\/span><\/p>\n<p style=\"color: #000000;\">Este nuevo \u00e1lbum ha sido grabado a caballo entre Barcelona, Girona y Salvador de Bah\u00eda. Producido por el propio Garc\u00eda, cuenta con las coproducciones de Pedro Javier Gonz\u00e1lez y Nacho Lesko en parte del disco.<\/p>\n<p style=\"color: #000000;\">Para este trabajo, Garc\u00eda se ha rodeado de un plantel de m\u00fasicos muy extenso, para ofrecer un disco ecl\u00e9ctico de mucho y muy variado colorido sonoro; un disco en el que las letras tienen un peso propio y significan otra vuelta de tuerca en el muy personal mundo del m\u00fasico y compositor.<\/p>\n<p style=\"color: #000000;\">La idea de Garc\u00eda es presentar este disco a la vuelta del verano y, como ya es habitual en \u00e9l, comenzar a la vez una gira de conciertos que, en este caso, tendr\u00e1 dos partes, entre las cuales emprender\u00e1 una peque\u00f1a gira por Argentina, M\u00e9xico y otros pa\u00edses latinoamericanos.<\/p>\n<p style=\"color: #000000;\">En esta primera parte de gira, la intenci\u00f3n de Garc\u00eda es tocar en locales de aforo reducido (teatros, auditorios), supliendo cuando sea necesario con varias noches la limitaci\u00f3n de localidades. Al comienzo del siguiente verano, la gira se realizar\u00e1 en espacios al aire libre.<\/p>\n<p style=\"color: #000000;\">Tambi\u00e9n antes de que acabe el a\u00f1o, Garc\u00eda publicar\u00e1\u00a0<b>un libro con todas sus letras desde que empez\u00f3 a componer con Los R\u00e1pidos<\/b>\u00a0hasta ahora, m\u00e1s todos sus dibujos y pinturas realizados en estos a\u00f1os.<\/p>\n<p style=\"color: #000000;\">Fuente: El Mundo &#8211; <a href=\"http:\/\/www.elmundo.es\/elmundo\/2004\/04\/15\/cultura\/1082047380.html\" target=\"_blank\">ENLACE <\/a>&#8211; Europapres<\/p>\n","protected":false},"excerpt":{"rendered":"<p>Manolo Garc\u00eda ultima la grabaci\u00f3n de su pr\u00f3ximo \u00e1lbum, el tercero en solitario del\u00a0cantante de El \u00daltimo de la Fila. Un disco que, seg\u00fan informa la discogr\u00e1fica BMG, se empez\u00f3 a gestar hace un a\u00f1o y medio, y para el que los \u00faltimos seis meses han sido de trabajo intensivo. Este nuevo \u00e1lbum ha sido<a class=\"moretag\" href=\"https:\/\/www.manologarciaycia.com\/?p=9930\" title=\"Manolo Garc\u00eda ultima su tercer disco en solitario y un libro con todas sus letras, dibujos y pinturas\" target=\"_self\" rel=\"follow\"> <font face=arial size=2>[Leer m\u00e1s]<\/font> <\/a><\/p>\n","protected":false},"author":2,"featured_media":0,"comment_status":"closed","ping_status":"open","sticky":false,"template":"","format":"standard","meta":{"footnotes":""},"categories":[1],"tags":[],"class_list":["post-9930","post","type-post","status-publish","format-standard","hentry","category-manolo-garcia"],"_links":{"self":[{"href":"https:\/\/www.manologarciaycia.com\/index.php?rest_route=\/wp\/v2\/posts\/9930","targetHints":{"allow":["GET"]}}],"collection":[{"href":"https:\/\/www.manologarciaycia.com\/index.php?rest_route=\/wp\/v2\/posts"}],"about":[{"href":"https:\/\/www.manologarciaycia.com\/index.php?rest_route=\/wp\/v2\/types\/post"}],"author":[{"embeddable":true,"href":"https:\/\/www.manologarciaycia.com\/index.php?rest_route=\/wp\/v2\/users\/2"}],"replies":[{"embeddable":true,"href":"https:\/\/www.manologarciaycia.com\/index.php?rest_route=%2Fwp%2Fv2%2Fcomments&post=9930"}],"version-history":[{"count":1,"href":"https:\/\/www.manologarciaycia.com\/index.php?rest_route=\/wp\/v2\/posts\/9930\/revisions"}],"predecessor-version":[{"id":9931,"href":"https:\/\/www.manologarciaycia.com\/index.php?rest_route=\/wp\/v2\/posts\/9930\/revisions\/9931"}],"wp:attachment":[{"href":"https:\/\/www.manologarciaycia.com\/index.php?rest_route=%2Fwp%2Fv2%2Fmedia&parent=9930"}],"wp:term":[{"taxonomy":"category","embeddable":true,"href":"https:\/\/www.manologarciaycia.com\/index.php?rest_route=%2Fwp%2Fv2%2Fcategories&post=9930"},{"taxonomy":"post_tag","embeddable":true,"href":"https:\/\/www.manologarciaycia.com\/index.php?rest_route=%2Fwp%2Fv2%2Ftags&post=9930"}],"curies":[{"name":"wp","href":"https:\/\/api.w.org\/{rel}","templated":true}]}}