{"id":9926,"date":"2004-04-15T12:53:02","date_gmt":"2004-04-15T10:53:02","guid":{"rendered":"http:\/\/www.manologarciaycia.com\/?p=9926"},"modified":"2014-06-27T12:58:21","modified_gmt":"2014-06-27T10:58:21","slug":"noticia-en-los40-com-sobre-el-nuevo-trabajo-de-manolo-garcia","status":"publish","type":"post","link":"https:\/\/www.manologarciaycia.com\/?p=9926","title":{"rendered":"El tercer \u00e1lbum de Manolo Garc\u00eda saldr\u00e1 despu\u00e9s del verano"},"content":{"rendered":"<p><b>Manolo Garc\u00eda<\/b> (Barcelona, 1955) lleva m\u00e1s de un a\u00f1o y medio trabajando en las canciones que formar\u00e1n parte de su tercer trabajo en solitario, todav\u00eda sin nombre oficial.<\/p>\n<p>En los \u00faltimos seis meses la tarea se ha vuelto m\u00e1s ardua e intensa. El disco, gestado entre Barcelona, Avinyonet de Puigvent\u00f3s (Girona) y Salvador de Bah\u00eda (Brasil), ver\u00e1 la luz tras el verano, seg\u00fan fuentes de la disquera BMG.<\/p>\n<p>La idea de <b>Garc\u00eda<\/b> es presentar este disco a la vuelta del est\u00edo y, como ya es habitual en \u00e9l, iniciar a la vez una gira de conciertos que, en este caso, tendr\u00e1 dos partes. Entre ellas, a modo de intermedio, realizar\u00e1 un peque\u00f1o tour por Argentina, M\u00e9xico y otros pa\u00edses latinoamericanos.<\/p>\n<p>La primera parte se desarrollar\u00e1 en locales de peque\u00f1o aforo (teatros, auditorios, etc..) -como ya hizo con la de su anterior disco, <i>Nunca el tiempo es perdido (2001)-<\/i>, supliendo cuando sea necesario con varias noches esa limitaci\u00f3n de localidades. La segunda parte ser\u00e1 a principios del verano de 2005. Entonces el periplo se realizar\u00e1 en grandes recintos al aire libre.<\/p>\n<p>Para este trabajo, todav\u00eda sin titular y co-producido junto a sus amigos y colaboradores habituales <b>Nacho Lesko <\/b>y <b>Pedro Javier Gonz\u00e1lez<\/b>, <b>Manolo Garc\u00eda<\/b> se ha rodeado de un plantel de m\u00fasicos muy extenso, para ofrecer un disco ecl\u00e9ctico de mucho y muy variado colorido sonoro. Se trata de un \u00e1lbum en el que las letras tienen un peso propio y significan otra vuelta de tuerca en el muy personal mundo del m\u00fasico y compositor barcelon\u00e9s.<\/p>\n<p><i>Canciones, dibujos y pinturas<\/i><br \/>\nAsimismo, antes de que acabe 2004, <b>Manolo<\/b> publicar\u00e1 un libro con todas las letras de sus canciones, desde que empez\u00f3 a componer con <b>Los R\u00e1pidos<\/b> a principios de los 80, pasando por <b>Los Burros<\/b>, <b>El \u00daltimo de la Fila<\/b> y hasta hoy. Tambi\u00e9n incluir\u00e1 todos sus dibujos y pinturas realizados en estos a\u00f1os.<\/p>\n<p>Fuente: Los40.com &#8211;\u00a0Edu Salas<\/p>\n","protected":false},"excerpt":{"rendered":"<p>Manolo Garc\u00eda (Barcelona, 1955) lleva m\u00e1s de un a\u00f1o y medio trabajando en las canciones que formar\u00e1n parte de su tercer trabajo en solitario, todav\u00eda sin nombre oficial. En los \u00faltimos seis meses la tarea se ha vuelto m\u00e1s ardua e intensa. El disco, gestado entre Barcelona, Avinyonet de Puigvent\u00f3s (Girona) y Salvador de Bah\u00eda<a class=\"moretag\" href=\"https:\/\/www.manologarciaycia.com\/?p=9926\" title=\"El tercer \u00e1lbum de Manolo Garc\u00eda saldr\u00e1 despu\u00e9s del verano\" target=\"_self\" rel=\"follow\"> <font face=arial size=2>[Leer m\u00e1s]<\/font> <\/a><\/p>\n","protected":false},"author":2,"featured_media":0,"comment_status":"closed","ping_status":"open","sticky":false,"template":"","format":"standard","meta":{"footnotes":""},"categories":[1],"tags":[],"class_list":["post-9926","post","type-post","status-publish","format-standard","hentry","category-manolo-garcia"],"_links":{"self":[{"href":"https:\/\/www.manologarciaycia.com\/index.php?rest_route=\/wp\/v2\/posts\/9926","targetHints":{"allow":["GET"]}}],"collection":[{"href":"https:\/\/www.manologarciaycia.com\/index.php?rest_route=\/wp\/v2\/posts"}],"about":[{"href":"https:\/\/www.manologarciaycia.com\/index.php?rest_route=\/wp\/v2\/types\/post"}],"author":[{"embeddable":true,"href":"https:\/\/www.manologarciaycia.com\/index.php?rest_route=\/wp\/v2\/users\/2"}],"replies":[{"embeddable":true,"href":"https:\/\/www.manologarciaycia.com\/index.php?rest_route=%2Fwp%2Fv2%2Fcomments&post=9926"}],"version-history":[{"count":3,"href":"https:\/\/www.manologarciaycia.com\/index.php?rest_route=\/wp\/v2\/posts\/9926\/revisions"}],"predecessor-version":[{"id":9929,"href":"https:\/\/www.manologarciaycia.com\/index.php?rest_route=\/wp\/v2\/posts\/9926\/revisions\/9929"}],"wp:attachment":[{"href":"https:\/\/www.manologarciaycia.com\/index.php?rest_route=%2Fwp%2Fv2%2Fmedia&parent=9926"}],"wp:term":[{"taxonomy":"category","embeddable":true,"href":"https:\/\/www.manologarciaycia.com\/index.php?rest_route=%2Fwp%2Fv2%2Fcategories&post=9926"},{"taxonomy":"post_tag","embeddable":true,"href":"https:\/\/www.manologarciaycia.com\/index.php?rest_route=%2Fwp%2Fv2%2Ftags&post=9926"}],"curies":[{"name":"wp","href":"https:\/\/api.w.org\/{rel}","templated":true}]}}