{"id":992,"date":"2010-10-05T14:20:44","date_gmt":"2010-10-05T13:20:44","guid":{"rendered":"http:\/\/petaos.net\/?p=992"},"modified":"2010-10-06T11:39:13","modified_gmt":"2010-10-06T10:39:13","slug":"mg-manolo-garcia-recopila-su-carrera-en-solitario-para-latinoamerica","status":"publish","type":"post","link":"https:\/\/www.manologarciaycia.com\/?p=992","title":{"rendered":"MG: Manolo Garc\u00eda recopila su carrera en solitario para Latinoam\u00e9rica"},"content":{"rendered":"<p><img loading=\"lazy\" decoding=\"async\" class=\"alignright\" src=\"http:\/\/www.diariodenavarra.es\/actualidad\/20101005\/fotos\/2010100509131235_300.jpg\" alt=\"\" width=\"300\" height=\"442\" \/>&#8211; El disco, que no se vender\u00e1 en Espa\u00f1a, nace para paliar el hecho de  que algunos de sus trabajos anteriores no hayan llegado al continente  americano.<\/p>\n<p>&#8211; \u00abDe mares y visiones\u00bb es un disco de dieciocho canciones que ha presentado oficialmente en M\u00e9xico.<\/p>\n<p>Manolo Garc\u00eda ha recopilado su  carrera en solitario exclusivamente para Latinoam\u00e9rica en \u00abDe mares y  visiones\u00bb, un disco de dieciocho canciones que ha presentado  oficialmente en M\u00e9xico. \u00abEntiendo que en algunos pa\u00edses de Latinoam\u00e9rica  hab\u00eda un poco de confusi\u00f3n respecto a mi trabajo, hab\u00eda como una  reclamaci\u00f3n, y m\u00e1s ahora con Internet\u00bb, dijo hoy en entrevista durante  su visita a M\u00e9xico para promocionar el \u00e1lbum.<\/p>\n<p>Fuente: DiaroNavarra.<br \/>\nEl disco, que no se vender\u00e1 en Espa\u00f1a, nace para paliar el hecho de  que algunos de sus trabajos anteriores no hayan llegado al continente  americano.<\/p>\n<p>Tras varios a\u00f1os sin cruzar a Latinoam\u00e9rica, el cantante actuar\u00e1 el  pr\u00f3ximo jueves en el Teatro Metropolitan de la capital mexicana, donde  inevitablemente se atrever\u00e1 con alguna ranchera y someter\u00e1 su dominio  del g\u00e9nero a los expertos locales.<\/p>\n<p>\u00abPuede parecer una concesi\u00f3n al pa\u00eds, pero es que ya en Espa\u00f1a acabo  todos mis conciertos con una ranchera: \u00abCuando yo quiera has de  volver\u00bb, \u00abJuan sin Tierra\u00bb, \u00abEl rey\u00bb&#8230; cualquiera de las &#8216;tropecientas&#8217;  que me s\u00e9&#8230;\u00bb, explic\u00f3.<\/p>\n<p>La \u00faltima vez que cant\u00f3 en M\u00e9xico sac\u00f3 a los mariachis a su lado y  termin\u00f3 con \u00abLa media vuelta\u00bb a pleno pulm\u00f3n, pose\u00eddo por el esp\u00edritu de  Jos\u00e9 Alfredo Jim\u00e9nez, su compositor, toda una leyenda en M\u00e9xico.<\/p>\n<p>Garc\u00eda, que fuera voz del d\u00fao El \u00faltimo de la fila, trabaja ya en su  pr\u00f3ximo disco, del que espera sea \u00abmedido, disfrutado\u00bb y para el que no  tiene ninguna urgencia, despu\u00e9s de que publicara \u00abSaldremos a la  lluvia\u00bb en 2008.<\/p>\n<p>Cuenta, de momento, con \u00abun ramillete de canciones\u00bb.<\/p>\n<p>\u00abVoy sobre la marcha tomando rumbo, no hago planes, me f\u00edo de mi  capacidad y tengo confianza en el placer que me produce componer\u00bb,  apunt\u00f3 el artista, que necesita \u00abnovelar un poco la vida, vestirla\u00bb para  ser feliz con su propia obra.<\/p>\n<p>Huye de dividendos r\u00e1pidos, no tiene \u00abese af\u00e1n desesperado de ser un  grande\u00bb y pretende \u00abhumildemente\u00bb hacerse con un lugar entre la legi\u00f3n  de corredores de fondo de la m\u00fasica, que no de los \u00absprinters\u00bb que  buscan enriquecerse con facilidad.<\/p>\n<p>\u00abDirijo mis designios musicales y art\u00edsticos, en todo yo marco mi  camino, yo empec\u00e9 en esto por vocaci\u00f3n y mi idea prevalece\u00bb, refiri\u00f3.<\/p>\n<p>No obstante, y a pesar de los patrones de consumo que rigen el  panorama, ello tambi\u00e9n provoca que resurjan \u00absonidos alternativos,  bandas subterr\u00e1neas, propuestas sabrosas con un sello propio\u00bb.<\/p>\n<p>A pesar de los a\u00f1os que lleva en la carretera -adora \u00abla plenitud de  la vida n\u00f3mada\u00bb que le permite entrar en contacto con nuevas gentes y  experiencias-, Manolo Garc\u00eda se sigue resistiendo, como siempre, al  tratamiento de estrella.<\/p>\n<p>\u00abCuando un m\u00fasico es m\u00e1s popular, m\u00e1s famoso, le llevan por un  territorio de v\u00e9rtigo y tiene menos tiempo para ser m\u00fasico, y la vida  normal es lo que a m\u00ed me va a dar nuevas canciones\u00bb, indic\u00f3.<\/p>\n<p>Fuente: DiaroNavarra.es &#8211; <a href=\"http:\/\/www.diariodenavarra.es\/20101005\/culturaysociedad\/manolo-garcia-recopila-carrera-solitario-latinoamerica.html?not=2010100509112857&amp;idnot=2010100509112857&amp;dia=20101005&amp;seccion=culturaysociedad&amp;seccion2=musica&amp;chnl=40&amp;ph=102\" target=\"_blank\">ENLACE<\/a><\/p>\n","protected":false},"excerpt":{"rendered":"<p>&#8211; El disco, que no se vender\u00e1 en Espa\u00f1a, nace para paliar el hecho de que algunos de sus trabajos anteriores no hayan llegado al continente americano. &#8211; \u00abDe mares y visiones\u00bb es un disco de dieciocho canciones que ha presentado oficialmente en M\u00e9xico. Manolo Garc\u00eda ha recopilado su carrera en solitario exclusivamente para Latinoam\u00e9rica<a class=\"moretag\" href=\"https:\/\/www.manologarciaycia.com\/?p=992\" title=\"MG: Manolo Garc\u00eda recopila su carrera en solitario para Latinoam\u00e9rica\" target=\"_self\" rel=\"follow\"> <font face=arial size=2>[Leer m\u00e1s]<\/font> <\/a><\/p>\n","protected":false},"author":2,"featured_media":0,"comment_status":"closed","ping_status":"closed","sticky":false,"template":"","format":"standard","meta":{"footnotes":""},"categories":[1],"tags":[151],"class_list":["post-992","post","type-post","status-publish","format-standard","hentry","category-manolo-garcia","tag-manolo-garcia-mexico-mares-visiones-latinoamerica"],"_links":{"self":[{"href":"https:\/\/www.manologarciaycia.com\/index.php?rest_route=\/wp\/v2\/posts\/992","targetHints":{"allow":["GET"]}}],"collection":[{"href":"https:\/\/www.manologarciaycia.com\/index.php?rest_route=\/wp\/v2\/posts"}],"about":[{"href":"https:\/\/www.manologarciaycia.com\/index.php?rest_route=\/wp\/v2\/types\/post"}],"author":[{"embeddable":true,"href":"https:\/\/www.manologarciaycia.com\/index.php?rest_route=\/wp\/v2\/users\/2"}],"replies":[{"embeddable":true,"href":"https:\/\/www.manologarciaycia.com\/index.php?rest_route=%2Fwp%2Fv2%2Fcomments&post=992"}],"version-history":[{"count":3,"href":"https:\/\/www.manologarciaycia.com\/index.php?rest_route=\/wp\/v2\/posts\/992\/revisions"}],"predecessor-version":[{"id":1005,"href":"https:\/\/www.manologarciaycia.com\/index.php?rest_route=\/wp\/v2\/posts\/992\/revisions\/1005"}],"wp:attachment":[{"href":"https:\/\/www.manologarciaycia.com\/index.php?rest_route=%2Fwp%2Fv2%2Fmedia&parent=992"}],"wp:term":[{"taxonomy":"category","embeddable":true,"href":"https:\/\/www.manologarciaycia.com\/index.php?rest_route=%2Fwp%2Fv2%2Fcategories&post=992"},{"taxonomy":"post_tag","embeddable":true,"href":"https:\/\/www.manologarciaycia.com\/index.php?rest_route=%2Fwp%2Fv2%2Ftags&post=992"}],"curies":[{"name":"wp","href":"https:\/\/api.w.org\/{rel}","templated":true}]}}