{"id":9912,"date":"2004-03-24T08:40:05","date_gmt":"2004-03-24T07:40:05","guid":{"rendered":"http:\/\/www.manologarciaycia.com\/?p=9912"},"modified":"2014-06-27T08:43:53","modified_gmt":"2014-06-27T06:43:53","slug":"carmen-virus-pasa-a-llamarse-carmen-nuevos-conciertos","status":"publish","type":"post","link":"https:\/\/www.manologarciaycia.com\/?p=9912","title":{"rendered":"Carmen Virus pasa a llamarse CARMEN + nuevos conciertos"},"content":{"rendered":"<p>Tras la buena acogida de la \u00faltima gira en la que la banda se presentaba en teatros y salas, <b>CARMEN<\/b> (antes <i>Carmen Virus<\/i>) inicia de nuevo una serie de conciertos el\u00e9ctricos que les llevar\u00e1n a recorrer toda la geograf\u00eda espa\u00f1ola a lo largo de este verano.<\/p>\n<p>En estos momentos y hasta el mes de Abril que ser\u00e1 el mes en el que inician de nuevo sus conciertos, est\u00e1n grabando lo que ser\u00e1 su tercer trabajo y que saldr\u00e1 al mercado esta primavera. El nuevo single se llamar\u00e1\u00a0<b><i>\u00abToda la Vida\u00bb<\/i><\/b>.<\/p>\n<p>La banda la forman: <i>Carmen Garc\u00eda (voz); Andreas Br\u00e4unig (guitarras el\u00e9ctricas\/ac\u00fasticas); Johnny Branchizio (guitarras el\u00e9ctricas y ac\u00fasticas);Joshua (bateria, percusi\u00f3n y coros) y Daniel Copquin (bajo, nueva incorporaci\u00f3n)<\/i>.<\/p>\n<p><b>PR\u00d3XIMOS CONCIERTOS:<\/b><br \/>\n9 ABRIL &#8211; SACKERS &#8211; VILANOVA I LA GELTR\u00da (BARNA)<br \/>\n15 ABRIL &#8211; MUSULUNGO &#8211; REUS (TARRAGONA)<br \/>\n16 ABRIL &#8211; CENTRE CULTURAL \u00abLA FARINERA DEL CLOT\u00bb(BARCELONA)<br \/>\n24 ABRIL &#8211; FITO Y LOS FITIPALDIS + CARMEN LA FARGA DE L\u00bbHOSPITALET FESTES DE PRIMAVERA 04<br \/>\n8 MAYO &#8211; PIANO BLAU (GRANOLLERS)<\/p>\n<p>Tambi\u00e9n est\u00e1n intentando cerrar conciertos para las fiestas de Granada (7 al 13 de Junio), fietas de M\u00e1laga (agosto) fiestas de Segovia, C\u00e1ceres, etc.<\/p>\n<p>Fuente: Carmen Garc\u00eda.<\/p>\n","protected":false},"excerpt":{"rendered":"<p>Tras la buena acogida de la \u00faltima gira en la que la banda se presentaba en teatros y salas, CARMEN (antes Carmen Virus) inicia de nuevo una serie de conciertos el\u00e9ctricos que les llevar\u00e1n a recorrer toda la geograf\u00eda espa\u00f1ola a lo largo de este verano. En estos momentos y hasta el mes de Abril<a class=\"moretag\" href=\"https:\/\/www.manologarciaycia.com\/?p=9912\" title=\"Carmen Virus pasa a llamarse CARMEN + nuevos conciertos\" target=\"_self\" rel=\"follow\"> <font face=arial size=2>[Leer m\u00e1s]<\/font> <\/a><\/p>\n","protected":false},"author":2,"featured_media":0,"comment_status":"closed","ping_status":"open","sticky":false,"template":"","format":"standard","meta":{"footnotes":""},"categories":[24],"tags":[],"class_list":["post-9912","post","type-post","status-publish","format-standard","hentry","category-carmen-garcia"],"_links":{"self":[{"href":"https:\/\/www.manologarciaycia.com\/index.php?rest_route=\/wp\/v2\/posts\/9912","targetHints":{"allow":["GET"]}}],"collection":[{"href":"https:\/\/www.manologarciaycia.com\/index.php?rest_route=\/wp\/v2\/posts"}],"about":[{"href":"https:\/\/www.manologarciaycia.com\/index.php?rest_route=\/wp\/v2\/types\/post"}],"author":[{"embeddable":true,"href":"https:\/\/www.manologarciaycia.com\/index.php?rest_route=\/wp\/v2\/users\/2"}],"replies":[{"embeddable":true,"href":"https:\/\/www.manologarciaycia.com\/index.php?rest_route=%2Fwp%2Fv2%2Fcomments&post=9912"}],"version-history":[{"count":1,"href":"https:\/\/www.manologarciaycia.com\/index.php?rest_route=\/wp\/v2\/posts\/9912\/revisions"}],"predecessor-version":[{"id":9913,"href":"https:\/\/www.manologarciaycia.com\/index.php?rest_route=\/wp\/v2\/posts\/9912\/revisions\/9913"}],"wp:attachment":[{"href":"https:\/\/www.manologarciaycia.com\/index.php?rest_route=%2Fwp%2Fv2%2Fmedia&parent=9912"}],"wp:term":[{"taxonomy":"category","embeddable":true,"href":"https:\/\/www.manologarciaycia.com\/index.php?rest_route=%2Fwp%2Fv2%2Fcategories&post=9912"},{"taxonomy":"post_tag","embeddable":true,"href":"https:\/\/www.manologarciaycia.com\/index.php?rest_route=%2Fwp%2Fv2%2Ftags&post=9912"}],"curies":[{"name":"wp","href":"https:\/\/api.w.org\/{rel}","templated":true}]}}