{"id":9910,"date":"2004-03-13T08:35:00","date_gmt":"2004-03-13T07:35:00","guid":{"rendered":"http:\/\/www.manologarciaycia.com\/?p=9910"},"modified":"2014-06-27T08:39:26","modified_gmt":"2014-06-27T06:39:26","slug":"informacion-oficial-sobre-el-nuevo-trabajo-de-manolo-garcia","status":"publish","type":"post","link":"https:\/\/www.manologarciaycia.com\/?p=9910","title":{"rendered":"Informaci\u00f3n Oficial sobre el nuevo trabajo de Manolo Garc\u00eda"},"content":{"rendered":"<p>Tras varios rumores totalmente infundados y que alud\u00edan a informaci\u00f3n no ver\u00eddica os dejo esta informaci\u00f3n que el mismo jueves (fatidico dia) obtuvimos:<\/p>\n<p><b>Manolo Garcia<\/b> hace tan solo 5 o 6 dias que se ha ido a Brasil, al estudio Ilha do Sapos (propiedad de Carlinhos Brown), a terminar la postproducci\u00f3n y grabaci\u00f3n de algunos de los temas que le quedaban por terminar, tras la etapa de grabaci\u00f3n y producci\u00f3n en MusicLan (Avinyonet, Girona). Fuentes muy cercanas a Manolo han desmentido el rumor de que los estudios de MusicLan hayan sufrido ning\u00fan percance como aqu\u00ed se apunto, y no se ha perdido ning\u00fan master (que por cierto suelen ser mas de 3&#8230;).<\/p>\n<p>Ni Carlinhos Brown ni Tribalistas tienen intenci\u00f3n de producir el nuevo trabajo de <b>Manolo Garc\u00eda<\/b>, aunque no se descarta colaboraciones espontaneas por la presencia diaria en dichos estudios de componentes de dicho grupo o del mismo Carlinhos Brown. Se supone que en algo influir\u00e1 el ambiente, las personas y los t\u00e9cnicos.<\/p>\n<p>Tras leer la noticia en Los40.com o escucharla en Cadena100, la intenci\u00f3n de todos los implicados y del mismo Manolo, es tener el disco listo antes de verano o en el transcurso de Agosto, pero publicarlo y lanzarlo al mercado a lo largo del mes de Septiembre.<\/p>\n<p><b>Carmen\u00a0Garc\u00eda<\/b>\u00a0(Carmen Virus) se intereso personalmente en el acto, por la situacion tristemente vivida en Madrid este pasado jueves, llam\u00e1ndome y preguntando el estado de todos los madrile\u00f1os, conocidos o no, tras el brutal y deleznable atentado, que aprovechamos desde aqu\u00ed para condenar tajantemente. <b>Manolo Garcia<\/b>, y tras recibir la noticia, tambi\u00e9n transmiti\u00f3 su enorme pesar y su consternaci\u00f3n por los hechos acontecidos. Tras este tipo de actos, uno no puede mas que re\u00edrse de los \u00bbmalos rollos\u00bb o \u00bbpiques\u00bb aparecidos por la mayor\u00eda de foros sobre Manolo o El Ultimo&#8230; Tristemente, cosas mas importantes acontencen en nuestras vidas como para perder el tiempo en nimiedades&#8230;<\/p>\n<p>Comentaros que <b>Carmen Virus<\/b> esta planificando algunos conciertos en Madrid para los pr\u00f3ximos meses; datos que os facilitaremos con suficiente antelaci\u00f3n.<\/p>\n<p>Agradecer desde aqui a todos los madrile\u00f1os (de nacimiento o adopci\u00f3n) su colaboraci\u00f3n y apoyo para las personas afectadas, que al fin y al cabo somos todos&#8230; Tambi\u00e9n\u00a0agradecer mil y una llamadas o mensajes de la gente que humildemente moramos este y otros foros, hermanadas sin condiciones ni inter\u00e9s ante tal barbarie, que llegaron incesantemente a nuestros m\u00f3viles, correo o lo que fuera, mostrando todo el cari\u00f1o y apoyo posible. Gracias tambi\u00e9n a los millones y millones de ciudadanos democr\u00e1ticos que ayer pedimos a gritos <b>PAZ<\/b>&#8230;<\/p>\n<p>Hoy mas que nunca, Paz y Salut para todos&#8230;<\/p>\n","protected":false},"excerpt":{"rendered":"<p>Tras varios rumores totalmente infundados y que alud\u00edan a informaci\u00f3n no ver\u00eddica os dejo esta informaci\u00f3n que el mismo jueves (fatidico dia) obtuvimos: Manolo Garcia hace tan solo 5 o 6 dias que se ha ido a Brasil, al estudio Ilha do Sapos (propiedad de Carlinhos Brown), a terminar la postproducci\u00f3n y grabaci\u00f3n de algunos<a class=\"moretag\" href=\"https:\/\/www.manologarciaycia.com\/?p=9910\" title=\"Informaci\u00f3n Oficial sobre el nuevo trabajo de Manolo Garc\u00eda\" target=\"_self\" rel=\"follow\"> <font face=arial size=2>[Leer m\u00e1s]<\/font> <\/a><\/p>\n","protected":false},"author":2,"featured_media":0,"comment_status":"closed","ping_status":"open","sticky":false,"template":"","format":"standard","meta":{"footnotes":""},"categories":[1,23],"tags":[],"class_list":["post-9910","post","type-post","status-publish","format-standard","hentry","category-manolo-garcia","category-otros"],"_links":{"self":[{"href":"https:\/\/www.manologarciaycia.com\/index.php?rest_route=\/wp\/v2\/posts\/9910","targetHints":{"allow":["GET"]}}],"collection":[{"href":"https:\/\/www.manologarciaycia.com\/index.php?rest_route=\/wp\/v2\/posts"}],"about":[{"href":"https:\/\/www.manologarciaycia.com\/index.php?rest_route=\/wp\/v2\/types\/post"}],"author":[{"embeddable":true,"href":"https:\/\/www.manologarciaycia.com\/index.php?rest_route=\/wp\/v2\/users\/2"}],"replies":[{"embeddable":true,"href":"https:\/\/www.manologarciaycia.com\/index.php?rest_route=%2Fwp%2Fv2%2Fcomments&post=9910"}],"version-history":[{"count":1,"href":"https:\/\/www.manologarciaycia.com\/index.php?rest_route=\/wp\/v2\/posts\/9910\/revisions"}],"predecessor-version":[{"id":9911,"href":"https:\/\/www.manologarciaycia.com\/index.php?rest_route=\/wp\/v2\/posts\/9910\/revisions\/9911"}],"wp:attachment":[{"href":"https:\/\/www.manologarciaycia.com\/index.php?rest_route=%2Fwp%2Fv2%2Fmedia&parent=9910"}],"wp:term":[{"taxonomy":"category","embeddable":true,"href":"https:\/\/www.manologarciaycia.com\/index.php?rest_route=%2Fwp%2Fv2%2Fcategories&post=9910"},{"taxonomy":"post_tag","embeddable":true,"href":"https:\/\/www.manologarciaycia.com\/index.php?rest_route=%2Fwp%2Fv2%2Ftags&post=9910"}],"curies":[{"name":"wp","href":"https:\/\/api.w.org\/{rel}","templated":true}]}}