{"id":9903,"date":"2004-02-05T08:17:16","date_gmt":"2004-02-05T07:17:16","guid":{"rendered":"http:\/\/www.manologarciaycia.com\/?p=9903"},"modified":"2014-06-27T08:20:53","modified_gmt":"2014-06-27T06:20:53","slug":"quimi-portet-no-esta-colaborando-en-el-nuevo-disco-de-manolo-garcia","status":"publish","type":"post","link":"https:\/\/www.manologarciaycia.com\/?p=9903","title":{"rendered":"Quimi Portet no esta colaborando en el nuevo disco de Manolo Garc\u00eda"},"content":{"rendered":"<p>Nos acaban de confirmar que <b>Quimi Portet<\/b> no esta colaborando de manera <i>oficial<\/i> con <b>Manolo Garc\u00eda<\/b>, en referencia a la confecci\u00f3n y producci\u00f3n de su nuevo disco.\u00a0Parece ser que el hecho de que coincidieran <b>Manolo<\/b> y <b>Quimi<\/b> en los estudios de <i>Avinyonet<\/i> (cosa bastante habitual), llevo a la prensa y a los medios a la confusi\u00f3n.<\/p>\n<p>Tambi\u00e9n me han desmentido cualquier tipo de colaboraci\u00f3n por parte de <b>Quimi<\/b> y <b>Manolo<\/b> con <b>Tina Turner<\/b> y su proyecto de creaci\u00f3n de unos macroestudios de grabaci\u00f3n en la misma comarca Gironina.\u00a0Al parecer <b>Manolo Garc\u00eda<\/b> esta muy contento con lo que van sacando respecto a ese nuevo y esperado trabajo en solitario, y tiene muchas ganas de poderlo editar.<\/p>\n","protected":false},"excerpt":{"rendered":"<p>Nos acaban de confirmar que Quimi Portet no esta colaborando de manera oficial con Manolo Garc\u00eda, en referencia a la confecci\u00f3n y producci\u00f3n de su nuevo disco.\u00a0Parece ser que el hecho de que coincidieran Manolo y Quimi en los estudios de Avinyonet (cosa bastante habitual), llevo a la prensa y a los medios a la<a class=\"moretag\" href=\"https:\/\/www.manologarciaycia.com\/?p=9903\" title=\"Quimi Portet no esta colaborando en el nuevo disco de Manolo Garc\u00eda\" target=\"_self\" rel=\"follow\"> <font face=arial size=2>[Leer m\u00e1s]<\/font> <\/a><\/p>\n","protected":false},"author":2,"featured_media":0,"comment_status":"closed","ping_status":"open","sticky":false,"template":"","format":"standard","meta":{"footnotes":""},"categories":[1],"tags":[],"class_list":["post-9903","post","type-post","status-publish","format-standard","hentry","category-manolo-garcia"],"_links":{"self":[{"href":"https:\/\/www.manologarciaycia.com\/index.php?rest_route=\/wp\/v2\/posts\/9903","targetHints":{"allow":["GET"]}}],"collection":[{"href":"https:\/\/www.manologarciaycia.com\/index.php?rest_route=\/wp\/v2\/posts"}],"about":[{"href":"https:\/\/www.manologarciaycia.com\/index.php?rest_route=\/wp\/v2\/types\/post"}],"author":[{"embeddable":true,"href":"https:\/\/www.manologarciaycia.com\/index.php?rest_route=\/wp\/v2\/users\/2"}],"replies":[{"embeddable":true,"href":"https:\/\/www.manologarciaycia.com\/index.php?rest_route=%2Fwp%2Fv2%2Fcomments&post=9903"}],"version-history":[{"count":2,"href":"https:\/\/www.manologarciaycia.com\/index.php?rest_route=\/wp\/v2\/posts\/9903\/revisions"}],"predecessor-version":[{"id":9905,"href":"https:\/\/www.manologarciaycia.com\/index.php?rest_route=\/wp\/v2\/posts\/9903\/revisions\/9905"}],"wp:attachment":[{"href":"https:\/\/www.manologarciaycia.com\/index.php?rest_route=%2Fwp%2Fv2%2Fmedia&parent=9903"}],"wp:term":[{"taxonomy":"category","embeddable":true,"href":"https:\/\/www.manologarciaycia.com\/index.php?rest_route=%2Fwp%2Fv2%2Fcategories&post=9903"},{"taxonomy":"post_tag","embeddable":true,"href":"https:\/\/www.manologarciaycia.com\/index.php?rest_route=%2Fwp%2Fv2%2Ftags&post=9903"}],"curies":[{"name":"wp","href":"https:\/\/api.w.org\/{rel}","templated":true}]}}