{"id":982,"date":"2010-10-05T07:38:02","date_gmt":"2010-10-05T06:38:02","guid":{"rendered":"http:\/\/petaos.net\/?p=982"},"modified":"2010-10-05T14:36:33","modified_gmt":"2010-10-05T13:36:33","slug":"mg-de-promocion-por-mexico","status":"publish","type":"post","link":"https:\/\/www.manologarciaycia.com\/?p=982","title":{"rendered":"MG: De promoci\u00f3n por M\u00e9xico"},"content":{"rendered":"<p>Manolo Garc\u00eda estar\u00e1 en M\u00e9xico DF los d\u00edas 4 y 5 de octubre para  apoyar el lanzamiento del recopilatorio \u00abDe mares y visiones, canciones  de una d\u00e9cada\u00bb y su pr\u00f3ximo concierto en DF el d\u00eda 7 de noviembre.<\/p>\n<p><strong>Entrevistas en Radio:<\/strong><\/p>\n<p><strong><em>&#8211; Lunes 4 de Octubre Mexico DF<\/em><\/strong><\/p>\n<p style=\"text-align: left;\">Televisa Radio, programa \u00abHoy por hoy\u00bb con Carlos Puig. Desc\u00e1rgala aqu\u00ed <a href=\"http:\/\/www.megaupload.com\/?d=E42JPEQB\" target=\"_blank\">ENLACE<\/a>. O esc\u00fachala directamente aqu\u00ed:<br \/>\n<br \/>\n<center><br \/>\n<iframe scrolling='no' frameborder='0' src='http:\/\/www.wradio.com.mx\/playermini.aspx?id=1366655' marginheight='0' name='20080119csrcsrnac_5' height='190' marginwidth='0'><\/iframe><br \/>\n<\/center><\/p>\n<p>Televisa Radio programa \u00abLa. Noche W\u00bb con Fernando Rivera. Desc\u00e1rgala aqu\u00ed <a href=\"http:\/\/www.megaupload.com\/?d=DCH8BYPT\" target=\"_blank\">ENLACE<\/a>. O esc\u00fachala directamente aqu\u00ed:<br \/>\n<br \/>\n<center><br \/>\n<iframe scrolling='no' frameborder='0' src='http:\/\/www.wradio.com.mx\/playermini.aspx?id=1367008' marginheight='0' name='20080119csrcsrnac_5' height='190' marginwidth='0'><\/iframe><br \/>\n<\/center><\/p>\n<p><strong><em>&#8211; Martes 5 de Octubre en Mexico DF<\/em><\/strong><\/p>\n<p>Radio Ciudadana 660 AM con Eduardo Macias<\/p>\n<p>Fuente: <a href=\"http:\/\/www.manolo-garcia.com\/\" target=\"_blank\">P\u00e1gina oficial de Sony BMG de Manolo Garc\u00eda<\/a><\/p>\n","protected":false},"excerpt":{"rendered":"<p>Manolo Garc\u00eda estar\u00e1 en M\u00e9xico DF los d\u00edas 4 y 5 de octubre para apoyar el lanzamiento del recopilatorio \u00abDe mares y visiones, canciones de una d\u00e9cada\u00bb y su pr\u00f3ximo concierto en DF el d\u00eda 7 de noviembre. Entrevistas en Radio: &#8211; Lunes 4 de Octubre Mexico DF Televisa Radio, programa \u00abHoy por hoy\u00bb con<a class=\"moretag\" href=\"https:\/\/www.manologarciaycia.com\/?p=982\" title=\"MG: De promoci\u00f3n por M\u00e9xico\" target=\"_self\" rel=\"follow\"> <font face=arial size=2>[Leer m\u00e1s]<\/font> <\/a><\/p>\n","protected":false},"author":2,"featured_media":0,"comment_status":"closed","ping_status":"closed","sticky":false,"template":"","format":"standard","meta":{"footnotes":""},"categories":[1],"tags":[149],"class_list":["post-982","post","type-post","status-publish","format-standard","hentry","category-manolo-garcia","tag-manolo-garcia-promocion-mexico-2010-concierto-radio-mares-visiones"],"_links":{"self":[{"href":"https:\/\/www.manologarciaycia.com\/index.php?rest_route=\/wp\/v2\/posts\/982","targetHints":{"allow":["GET"]}}],"collection":[{"href":"https:\/\/www.manologarciaycia.com\/index.php?rest_route=\/wp\/v2\/posts"}],"about":[{"href":"https:\/\/www.manologarciaycia.com\/index.php?rest_route=\/wp\/v2\/types\/post"}],"author":[{"embeddable":true,"href":"https:\/\/www.manologarciaycia.com\/index.php?rest_route=\/wp\/v2\/users\/2"}],"replies":[{"embeddable":true,"href":"https:\/\/www.manologarciaycia.com\/index.php?rest_route=%2Fwp%2Fv2%2Fcomments&post=982"}],"version-history":[{"count":11,"href":"https:\/\/www.manologarciaycia.com\/index.php?rest_route=\/wp\/v2\/posts\/982\/revisions"}],"predecessor-version":[{"id":998,"href":"https:\/\/www.manologarciaycia.com\/index.php?rest_route=\/wp\/v2\/posts\/982\/revisions\/998"}],"wp:attachment":[{"href":"https:\/\/www.manologarciaycia.com\/index.php?rest_route=%2Fwp%2Fv2%2Fmedia&parent=982"}],"wp:term":[{"taxonomy":"category","embeddable":true,"href":"https:\/\/www.manologarciaycia.com\/index.php?rest_route=%2Fwp%2Fv2%2Fcategories&post=982"},{"taxonomy":"post_tag","embeddable":true,"href":"https:\/\/www.manologarciaycia.com\/index.php?rest_route=%2Fwp%2Fv2%2Ftags&post=982"}],"curies":[{"name":"wp","href":"https:\/\/api.w.org\/{rel}","templated":true}]}}