{"id":9710,"date":"2014-05-15T12:05:27","date_gmt":"2014-05-15T10:05:27","guid":{"rendered":"http:\/\/www.manologarciaycia.com\/?p=9710"},"modified":"2014-05-15T12:13:31","modified_gmt":"2014-05-15T10:13:31","slug":"9710","status":"publish","type":"post","link":"https:\/\/www.manologarciaycia.com\/?p=9710","title":{"rendered":"Manolo Garc\u00eda para JotDown: \u00abUn mecenazgo cultural institucional es intromisi\u00f3n y es manipulaci\u00f3n\u00bb"},"content":{"rendered":"<p>Entrevista a Manolo Garc\u00eda en JOTDWON, publicado por Kiko Amat &#8211; Fotograf\u00eda: Alberto Gamazo.<\/p>\n<p>Manolo Garc\u00eda Garc\u00eda-P\u00e9rez (Barcelona, 1955) fue cantante, compositor y l\u00edder (o col\u00edder) de Los R\u00e1pidos, Los Burros, El \u00daltimo de la Fila y, desde el a\u00f1o 1998, artista en solitario. Tambi\u00e9n es pintor. Es dif\u00edcil afirmar con certeza a cu\u00e1ntos grupos o descendientes art\u00edsticos ha influenciado su m\u00fasica, pues El \u00daltimo de la Fila eran un g\u00e9nero en s\u00ed mismos y nadie desde entonces se ha atrevido a replicar aquella imp\u00fadica mezcla de nueva ola, sonidos mediterr\u00e1neos, m\u00fasica morisca, pop de sintetizadores, arm\u00f3nicas y potaje condal (que no mestizaje). Suyas son algunas de las mejores canciones de la m\u00fasica popular espa\u00f1ola moderna, es as\u00ed de sencillo. Se lo digo yo, que le sigo desde 1985, cuando en 1.\u00ba de BUP me grabaron Enemigos de lo ajeno. Ten\u00eda yo catorce a\u00f1os. Poco imaginaba cuando tatareaba melanc\u00f3lico sus canciones en aquel patio hostil (\u00abSoy un accidente \/ un error de medida\u00bb), que alg\u00fan d\u00eda terminar\u00eda charlando con \u00e9l.<\/p>\n<p>Por fortuna, Manolo Garc\u00eda es el perfecto opuesto de una rockstar: viste an\u00f3nimo, habla pausado y se comporta con extrema sencillez, y a\u00fan acarrea esa mirada entre triste y dulce de siempre, nada acerada por las giras, el \u00e9xito o la adulaci\u00f3n. Cuando llega al caf\u00e9 de la librer\u00eda Laie, donde \u00e9l mismo me cit\u00f3, se disculpa profusamente por el retraso (\u00abMe estresa mucho llegar tarde\u00bb), y el sudor que le perla la frente prueba que la afirmaci\u00f3n va de veras. Que casi vino al trote. Generoso y humilde, Garc\u00eda a\u00fan parece estar agradecido al destino por su suerte, por su talento, por haber logrado vivir de esto y ser feliz. He aqu\u00ed un hombre, me doy cuenta al instante, con el que siempre podr\u00e1 uno tomar un botell\u00edn y hablar de lo que somos y hacemos. Sigue ahora una charla inspiradora, sincera, emocionante, con uno de los grandes compositores que surgieron de los ochenta.<\/p>\n<p>Lee la entrevista completa en JOTDOWN: <a href='http:\/\/www.jotdown.es\/2014\/05\/manolo-garcia-un-mecenazgo-cultural-institucional-es-intromision-y-es-manipulacion\/' target=_new> ENLACE <\/A><\/p>\n<div id='gallery-1' class='gallery galleryid-9710 gallery-columns-4 gallery-size-thumbnail'><dl class='gallery-item'>\n\t\t\t<dt class='gallery-icon landscape'>\n\t\t\t\t<a class='swipebox' href='https:\/\/www.manologarciaycia.com\/wp-content\/uploads\/2014\/05\/Manolo-Garc\u00eda-para-Jot-Down.jpg'><img loading=\"lazy\" decoding=\"async\" width=\"150\" height=\"150\" src=\"https:\/\/www.manologarciaycia.com\/wp-content\/uploads\/2014\/05\/Manolo-Garc\u00eda-para-Jot-Down-150x150.jpg\" class=\"attachment-thumbnail size-thumbnail\" alt=\"\" \/><\/a>\n\t\t\t<\/dt><\/dl><dl class='gallery-item'>\n\t\t\t<dt class='gallery-icon landscape'>\n\t\t\t\t<a class='swipebox' href='https:\/\/www.manologarciaycia.com\/wp-content\/uploads\/2014\/05\/Manolo-Garc\u00eda-para-Jot-Down-0.jpg'><img loading=\"lazy\" decoding=\"async\" width=\"150\" height=\"150\" src=\"https:\/\/www.manologarciaycia.com\/wp-content\/uploads\/2014\/05\/Manolo-Garc\u00eda-para-Jot-Down-0-150x150.jpg\" class=\"attachment-thumbnail size-thumbnail\" alt=\"\" \/><\/a>\n\t\t\t<\/dt><\/dl><dl class='gallery-item'>\n\t\t\t<dt class='gallery-icon landscape'>\n\t\t\t\t<a class='swipebox' href='https:\/\/www.manologarciaycia.com\/wp-content\/uploads\/2014\/05\/Manolo-Garc\u00eda-para-Jot-Down-2.jpg'><img loading=\"lazy\" decoding=\"async\" width=\"150\" height=\"150\" src=\"https:\/\/www.manologarciaycia.com\/wp-content\/uploads\/2014\/05\/Manolo-Garc\u00eda-para-Jot-Down-2-150x150.jpg\" class=\"attachment-thumbnail size-thumbnail\" alt=\"\" \/><\/a>\n\t\t\t<\/dt><\/dl><dl class='gallery-item'>\n\t\t\t<dt class='gallery-icon landscape'>\n\t\t\t\t<a class='swipebox' href='https:\/\/www.manologarciaycia.com\/wp-content\/uploads\/2014\/05\/Manolo-Garc\u00eda-para-Jot-Down-3.jpg'><img loading=\"lazy\" decoding=\"async\" width=\"150\" height=\"150\" src=\"https:\/\/www.manologarciaycia.com\/wp-content\/uploads\/2014\/05\/Manolo-Garc\u00eda-para-Jot-Down-3-150x150.jpg\" class=\"attachment-thumbnail size-thumbnail\" alt=\"\" \/><\/a>\n\t\t\t<\/dt><\/dl><br style=\"clear: both\" \/><dl class='gallery-item'>\n\t\t\t<dt class='gallery-icon landscape'>\n\t\t\t\t<a class='swipebox' href='https:\/\/www.manologarciaycia.com\/wp-content\/uploads\/2014\/05\/Manolo-Garc\u00eda-para-Jot-Down-4.jpg'><img loading=\"lazy\" decoding=\"async\" width=\"150\" height=\"150\" src=\"https:\/\/www.manologarciaycia.com\/wp-content\/uploads\/2014\/05\/Manolo-Garc\u00eda-para-Jot-Down-4-150x150.jpg\" class=\"attachment-thumbnail size-thumbnail\" alt=\"\" \/><\/a>\n\t\t\t<\/dt><\/dl><dl class='gallery-item'>\n\t\t\t<dt class='gallery-icon landscape'>\n\t\t\t\t<a class='swipebox' href='https:\/\/www.manologarciaycia.com\/wp-content\/uploads\/2014\/05\/Manolo-Garc\u00eda-para-Jot-Down-5.jpg'><img loading=\"lazy\" decoding=\"async\" width=\"150\" height=\"150\" src=\"https:\/\/www.manologarciaycia.com\/wp-content\/uploads\/2014\/05\/Manolo-Garc\u00eda-para-Jot-Down-5-150x150.jpg\" class=\"attachment-thumbnail size-thumbnail\" alt=\"\" \/><\/a>\n\t\t\t<\/dt><\/dl><dl class='gallery-item'>\n\t\t\t<dt class='gallery-icon landscape'>\n\t\t\t\t<a class='swipebox' href='https:\/\/www.manologarciaycia.com\/wp-content\/uploads\/2014\/05\/Manolo-Garc\u00eda-para-Jot-Down-6.jpg'><img loading=\"lazy\" decoding=\"async\" width=\"150\" height=\"150\" src=\"https:\/\/www.manologarciaycia.com\/wp-content\/uploads\/2014\/05\/Manolo-Garc\u00eda-para-Jot-Down-6-150x150.jpg\" class=\"attachment-thumbnail size-thumbnail\" alt=\"\" \/><\/a>\n\t\t\t<\/dt><\/dl><dl class='gallery-item'>\n\t\t\t<dt class='gallery-icon landscape'>\n\t\t\t\t<a class='swipebox' href='https:\/\/www.manologarciaycia.com\/wp-content\/uploads\/2014\/05\/Manolo-Garc\u00eda-para-Jot-Down-7.jpg'><img loading=\"lazy\" decoding=\"async\" width=\"150\" height=\"150\" src=\"https:\/\/www.manologarciaycia.com\/wp-content\/uploads\/2014\/05\/Manolo-Garc\u00eda-para-Jot-Down-7-150x150.jpg\" class=\"attachment-thumbnail size-thumbnail\" alt=\"\" \/><\/a>\n\t\t\t<\/dt><\/dl><br style=\"clear: both\" \/>\n\t\t<\/div>\n\n","protected":false},"excerpt":{"rendered":"<p>Entrevista a Manolo Garc\u00eda en JOTDWON, publicado por Kiko Amat &#8211; Fotograf\u00eda: Alberto Gamazo. Manolo Garc\u00eda Garc\u00eda-P\u00e9rez (Barcelona, 1955) fue cantante, compositor y l\u00edder (o col\u00edder) de Los R\u00e1pidos, Los Burros, El \u00daltimo de la Fila y, desde el a\u00f1o 1998, artista en solitario. Tambi\u00e9n es pintor. Es dif\u00edcil afirmar con certeza a cu\u00e1ntos grupos<a class=\"moretag\" href=\"https:\/\/www.manologarciaycia.com\/?p=9710\" title=\"Manolo Garc\u00eda para JotDown: \u00abUn mecenazgo cultural institucional es intromisi\u00f3n y es manipulaci\u00f3n\u00bb\" target=\"_self\" rel=\"follow\"> <font face=arial size=2>[Leer m\u00e1s]<\/font> <\/a><\/p>\n","protected":false},"author":2,"featured_media":9719,"comment_status":"closed","ping_status":"open","sticky":false,"template":"","format":"standard","meta":{"footnotes":""},"categories":[1],"tags":[],"class_list":["post-9710","post","type-post","status-publish","format-standard","has-post-thumbnail","hentry","category-manolo-garcia"],"_links":{"self":[{"href":"https:\/\/www.manologarciaycia.com\/index.php?rest_route=\/wp\/v2\/posts\/9710","targetHints":{"allow":["GET"]}}],"collection":[{"href":"https:\/\/www.manologarciaycia.com\/index.php?rest_route=\/wp\/v2\/posts"}],"about":[{"href":"https:\/\/www.manologarciaycia.com\/index.php?rest_route=\/wp\/v2\/types\/post"}],"author":[{"embeddable":true,"href":"https:\/\/www.manologarciaycia.com\/index.php?rest_route=\/wp\/v2\/users\/2"}],"replies":[{"embeddable":true,"href":"https:\/\/www.manologarciaycia.com\/index.php?rest_route=%2Fwp%2Fv2%2Fcomments&post=9710"}],"version-history":[{"count":4,"href":"https:\/\/www.manologarciaycia.com\/index.php?rest_route=\/wp\/v2\/posts\/9710\/revisions"}],"predecessor-version":[{"id":9723,"href":"https:\/\/www.manologarciaycia.com\/index.php?rest_route=\/wp\/v2\/posts\/9710\/revisions\/9723"}],"wp:featuredmedia":[{"embeddable":true,"href":"https:\/\/www.manologarciaycia.com\/index.php?rest_route=\/wp\/v2\/media\/9719"}],"wp:attachment":[{"href":"https:\/\/www.manologarciaycia.com\/index.php?rest_route=%2Fwp%2Fv2%2Fmedia&parent=9710"}],"wp:term":[{"taxonomy":"category","embeddable":true,"href":"https:\/\/www.manologarciaycia.com\/index.php?rest_route=%2Fwp%2Fv2%2Fcategories&post=9710"},{"taxonomy":"post_tag","embeddable":true,"href":"https:\/\/www.manologarciaycia.com\/index.php?rest_route=%2Fwp%2Fv2%2Ftags&post=9710"}],"curies":[{"name":"wp","href":"https:\/\/api.w.org\/{rel}","templated":true}]}}