{"id":9670,"date":"2014-05-07T16:49:35","date_gmt":"2014-05-07T14:49:35","guid":{"rendered":"http:\/\/www.manologarciaycia.com\/?p=9670"},"modified":"2014-05-07T16:51:34","modified_gmt":"2014-05-07T14:51:34","slug":"eventos-de-ricardo-marin-del-fin-de-semana","status":"publish","type":"post","link":"https:\/\/www.manologarciaycia.com\/?p=9670","title":{"rendered":"Ricardo Mar\u00edn este fin de semana, en concierto&#8230;"},"content":{"rendered":"<p>Pr\u00f3ximo fin de semana en Madrid:<br \/>\n&#8211; Viernes 9 Mayo en \u00abClamores Jazz\u00bbcon la banda de <strong>Antonio Vega<\/strong>. 21.30h<br \/>\n&#8211; S\u00e1bado 10 Mayo en \u00abClamores Jazz\u00bb como invitado en la presentaci\u00f3n del nuevo disco de \u00ab<strong>David Villanueva<\/strong>\u00ab, Esclavos del agua. 20.30h<br \/>\n&#8211; S\u00e1bado 10 Mayo en la sala Arena a las 22:00h. como invitado en la grabaci\u00f3n del nuevo disco DVD de <strong>Rafa Mart\u00edn<\/strong>.<\/p>\n<p><em>Que el ritmo no pare!<\/em> Salut!<\/p>\n","protected":false},"excerpt":{"rendered":"<p>Pr\u00f3ximo fin de semana en Madrid: &#8211; Viernes 9 Mayo en \u00abClamores Jazz\u00bbcon la banda de Antonio Vega. 21.30h &#8211; S\u00e1bado 10 Mayo en \u00abClamores Jazz\u00bb como invitado en la presentaci\u00f3n del nuevo disco de \u00abDavid Villanueva\u00ab, Esclavos del agua. 20.30h &#8211; S\u00e1bado 10 Mayo en la sala Arena a las 22:00h. como invitado en<a class=\"moretag\" href=\"https:\/\/www.manologarciaycia.com\/?p=9670\" title=\"Ricardo Mar\u00edn este fin de semana, en concierto&#8230;\" target=\"_self\" rel=\"follow\"> <font face=arial size=2>[Leer m\u00e1s]<\/font> <\/a><\/p>\n","protected":false},"author":2,"featured_media":9671,"comment_status":"closed","ping_status":"open","sticky":false,"template":"","format":"standard","meta":{"footnotes":""},"categories":[23],"tags":[],"class_list":["post-9670","post","type-post","status-publish","format-standard","has-post-thumbnail","hentry","category-otros"],"_links":{"self":[{"href":"https:\/\/www.manologarciaycia.com\/index.php?rest_route=\/wp\/v2\/posts\/9670","targetHints":{"allow":["GET"]}}],"collection":[{"href":"https:\/\/www.manologarciaycia.com\/index.php?rest_route=\/wp\/v2\/posts"}],"about":[{"href":"https:\/\/www.manologarciaycia.com\/index.php?rest_route=\/wp\/v2\/types\/post"}],"author":[{"embeddable":true,"href":"https:\/\/www.manologarciaycia.com\/index.php?rest_route=\/wp\/v2\/users\/2"}],"replies":[{"embeddable":true,"href":"https:\/\/www.manologarciaycia.com\/index.php?rest_route=%2Fwp%2Fv2%2Fcomments&post=9670"}],"version-history":[{"count":2,"href":"https:\/\/www.manologarciaycia.com\/index.php?rest_route=\/wp\/v2\/posts\/9670\/revisions"}],"predecessor-version":[{"id":9673,"href":"https:\/\/www.manologarciaycia.com\/index.php?rest_route=\/wp\/v2\/posts\/9670\/revisions\/9673"}],"wp:featuredmedia":[{"embeddable":true,"href":"https:\/\/www.manologarciaycia.com\/index.php?rest_route=\/wp\/v2\/media\/9671"}],"wp:attachment":[{"href":"https:\/\/www.manologarciaycia.com\/index.php?rest_route=%2Fwp%2Fv2%2Fmedia&parent=9670"}],"wp:term":[{"taxonomy":"category","embeddable":true,"href":"https:\/\/www.manologarciaycia.com\/index.php?rest_route=%2Fwp%2Fv2%2Fcategories&post=9670"},{"taxonomy":"post_tag","embeddable":true,"href":"https:\/\/www.manologarciaycia.com\/index.php?rest_route=%2Fwp%2Fv2%2Ftags&post=9670"}],"curies":[{"name":"wp","href":"https:\/\/api.w.org\/{rel}","templated":true}]}}