{"id":9664,"date":"2014-05-06T18:50:25","date_gmt":"2014-05-06T16:50:25","guid":{"rendered":"http:\/\/www.manologarciaycia.com\/?p=9664"},"modified":"2014-05-06T18:56:06","modified_gmt":"2014-05-06T16:56:06","slug":"la-fefoc-reconoce-manolo-garcia-por-su-apoyo-en-la-lucha-contra-el-cancer","status":"publish","type":"post","link":"https:\/\/www.manologarciaycia.com\/?p=9664","title":{"rendered":"La FEFOC reconoce Manolo Garcia por su apoyo en la lucha contra el c\u00e1ncer"},"content":{"rendered":"<p>El ex miembro de El \u00faltimo de la fila critica los recortes en sanidad. La Fundaci\u00f3n le reconoce la colaboraci\u00f3n desinteresada. A Mercedes Estap\u00e9 se le agradecen los dise\u00f1os que han servido para ilustrar material de la entidad.<\/p>\n<p>La Fundaci\u00f3n contra el c\u00e1ncer FEFOC y la Escuela Internacional de Oncolog\u00eda, premia al m\u00fasico y compositor Manolo Garc\u00eda, y al estudiante de bachillerato art\u00edstico, Merced Estap\u00e9. Al ex cantante de El \u00faltimo de la fila que ha criticado los recortes en Sanidad, se le reconoce su colaboraci\u00f3n desinteresada con la Fundaci\u00f3n, mientras que en Estap\u00e9, sus dise\u00f1os han servido para ilustrar material de la entidad.  Por compositor Manolo Garc\u00eda, \u00abhay quien sufre enfermedades graves, enfermedades urgentes y le dicen que vuelva al cabo de tres meses. Y esto es una angustia muy grave que sufre la gente porque son cuestiones vitales. Te va la vida \u00ab. La Merc\u00e9 Estap\u00e9 considera que \u00abhay muchos estigmas contra el c\u00e1ncer y me ha gustado formar parte de la erradicaci\u00f3n de estos estigmas, y adem\u00e1s dibujante que para m\u00ed es muy importante. Es como respirar, necesito dibujar cada d\u00eda y me alegra que se reconozca lo que m\u00e1s me gusta hacer \u00ab. <\/p>\n<p>Este lunes la FEFOC y la Escuela Internacional de Oncolog\u00eda han celebrado en el Casal C\u00edvico de Ca n&#8217;Aurell, la tercera edici\u00f3n de la entrega de Placas en reconocimiento a las ayudas desinteresadas m\u00e1s destacadas que han recibido \u00faltimamente. Este a\u00f1o la FEFOC ha sido elegida la representante en Espa\u00f1a de la Sociedad Internacional de Oncogeriatria por su trabajo en el \u00e1mbito del c\u00e1ncer. La coordinadora de psicolog\u00eda de la FEFOC, Tania Estap\u00e9, explica que \u00abhemos hecho un estudio muy importante que demuestra toda una serie de creencias err\u00f3neas como creer que el c\u00e1ncer se contagia, que es un castigo o tener actitudes pesimistas. Creer que no vale la pena recibir tratamiento, dejar de fumar o una serie de cambios en los estilos de vida. Y por este trabajo me han hecho representante en Espa\u00f1a de esta Sociedad \u00ab.<\/p>\n<p>El acto ha contado con la conferencia del jefe de estudios del Conservatorio del Liceo de Barcelona, \u200b\u200bV\u00edctor Estap\u00e9, que ha hablado de los grandes compositores que han padecido c\u00e1ncer. El alcalde de Terrassa que ha cerrado el acto, ha recordado el rigor cient\u00edfico de la familia Estap\u00e9 al frente de la Fundaci\u00f3n y de la esperanza que imparten a todos los afectados por la enfermedad.<\/p>\n<p>Fuente: Terrassa Digital &#8211; <a href=\"http:\/\/www.terrassadigital.cat\/detall_actualitat\/21341\/la\/fefoc\/reconeix\/manolo\/garcia\/pel\/suport\/la\/lluita\/contra\/cancer.html\" target=\"_blank\">ENLACE<\/a><\/p>\n","protected":false},"excerpt":{"rendered":"<p>El ex miembro de El \u00faltimo de la fila critica los recortes en sanidad. La Fundaci\u00f3n le reconoce la colaboraci\u00f3n desinteresada. A Mercedes Estap\u00e9 se le agradecen los dise\u00f1os que han servido para ilustrar material de la entidad. La Fundaci\u00f3n contra el c\u00e1ncer FEFOC y la Escuela Internacional de Oncolog\u00eda, premia al m\u00fasico y compositor<a class=\"moretag\" href=\"https:\/\/www.manologarciaycia.com\/?p=9664\" title=\"La FEFOC reconoce Manolo Garcia por su apoyo en la lucha contra el c\u00e1ncer\" target=\"_self\" rel=\"follow\"> <font face=arial size=2>[Leer m\u00e1s]<\/font> <\/a><\/p>\n","protected":false},"author":2,"featured_media":0,"comment_status":"closed","ping_status":"open","sticky":false,"template":"","format":"video","meta":{"footnotes":""},"categories":[1],"tags":[],"class_list":["post-9664","post","type-post","status-publish","format-video","hentry","category-manolo-garcia","post_format-post-format-video"],"_links":{"self":[{"href":"https:\/\/www.manologarciaycia.com\/index.php?rest_route=\/wp\/v2\/posts\/9664","targetHints":{"allow":["GET"]}}],"collection":[{"href":"https:\/\/www.manologarciaycia.com\/index.php?rest_route=\/wp\/v2\/posts"}],"about":[{"href":"https:\/\/www.manologarciaycia.com\/index.php?rest_route=\/wp\/v2\/types\/post"}],"author":[{"embeddable":true,"href":"https:\/\/www.manologarciaycia.com\/index.php?rest_route=\/wp\/v2\/users\/2"}],"replies":[{"embeddable":true,"href":"https:\/\/www.manologarciaycia.com\/index.php?rest_route=%2Fwp%2Fv2%2Fcomments&post=9664"}],"version-history":[{"count":1,"href":"https:\/\/www.manologarciaycia.com\/index.php?rest_route=\/wp\/v2\/posts\/9664\/revisions"}],"predecessor-version":[{"id":9666,"href":"https:\/\/www.manologarciaycia.com\/index.php?rest_route=\/wp\/v2\/posts\/9664\/revisions\/9666"}],"wp:attachment":[{"href":"https:\/\/www.manologarciaycia.com\/index.php?rest_route=%2Fwp%2Fv2%2Fmedia&parent=9664"}],"wp:term":[{"taxonomy":"category","embeddable":true,"href":"https:\/\/www.manologarciaycia.com\/index.php?rest_route=%2Fwp%2Fv2%2Fcategories&post=9664"},{"taxonomy":"post_tag","embeddable":true,"href":"https:\/\/www.manologarciaycia.com\/index.php?rest_route=%2Fwp%2Fv2%2Ftags&post=9664"}],"curies":[{"name":"wp","href":"https:\/\/api.w.org\/{rel}","templated":true}]}}