{"id":9603,"date":"2014-05-01T18:27:43","date_gmt":"2014-05-01T16:27:43","guid":{"rendered":"http:\/\/www.manologarciaycia.com\/?p=9603"},"modified":"2014-05-01T18:30:03","modified_gmt":"2014-05-01T16:30:03","slug":"el-ultimo-de-la-fila-casernes-de-girona-1988","status":"publish","type":"post","link":"https:\/\/www.manologarciaycia.com\/?p=9603","title":{"rendered":"EL \u00daltimo de la Fila, Casernes de Girona 1988"},"content":{"rendered":"<p>Fotograf\u00edas de <strong>El \u00daltimo de la Fila<\/strong>\u00a0en concierto, en <em>Casernes de Girona<\/em>\u00a0el 14 de Julio de 1988.<\/p>\n<div id='gallery-1' class='gallery galleryid-9603 gallery-columns-4 gallery-size-thumbnail'><dl class='gallery-item'>\n\t\t\t<dt class='gallery-icon portrait'>\n\t\t\t\t<a class='swipebox' href='https:\/\/www.manologarciaycia.com\/wp-content\/uploads\/2014\/05\/EUDLF_Casernes_de_Girona_14-7-1988_1.jpg'><img loading=\"lazy\" decoding=\"async\" width=\"150\" height=\"150\" src=\"https:\/\/www.manologarciaycia.com\/wp-content\/uploads\/2014\/05\/EUDLF_Casernes_de_Girona_14-7-1988_1-150x150.jpg\" class=\"attachment-thumbnail size-thumbnail\" alt=\"\" \/><\/a>\n\t\t\t<\/dt><\/dl><dl class='gallery-item'>\n\t\t\t<dt class='gallery-icon landscape'>\n\t\t\t\t<a class='swipebox' href='https:\/\/www.manologarciaycia.com\/wp-content\/uploads\/2014\/05\/EUDLF_Casernes_de_Girona_14-7-1988_2.jpg'><img loading=\"lazy\" decoding=\"async\" width=\"150\" height=\"150\" src=\"https:\/\/www.manologarciaycia.com\/wp-content\/uploads\/2014\/05\/EUDLF_Casernes_de_Girona_14-7-1988_2-150x150.jpg\" class=\"attachment-thumbnail size-thumbnail\" alt=\"\" \/><\/a>\n\t\t\t<\/dt><\/dl><dl class='gallery-item'>\n\t\t\t<dt class='gallery-icon portrait'>\n\t\t\t\t<a class='swipebox' href='https:\/\/www.manologarciaycia.com\/wp-content\/uploads\/2014\/05\/EUDLF_Casernes_de_Girona_14-7-1988_3.jpg'><img loading=\"lazy\" decoding=\"async\" width=\"150\" height=\"150\" src=\"https:\/\/www.manologarciaycia.com\/wp-content\/uploads\/2014\/05\/EUDLF_Casernes_de_Girona_14-7-1988_3-150x150.jpg\" class=\"attachment-thumbnail size-thumbnail\" alt=\"\" \/><\/a>\n\t\t\t<\/dt><\/dl><dl class='gallery-item'>\n\t\t\t<dt class='gallery-icon portrait'>\n\t\t\t\t<a class='swipebox' href='https:\/\/www.manologarciaycia.com\/wp-content\/uploads\/2014\/05\/EUDLF_Casernes_de_Girona_14-7-1988_4.jpg'><img loading=\"lazy\" decoding=\"async\" width=\"150\" height=\"150\" src=\"https:\/\/www.manologarciaycia.com\/wp-content\/uploads\/2014\/05\/EUDLF_Casernes_de_Girona_14-7-1988_4-150x150.jpg\" class=\"attachment-thumbnail size-thumbnail\" alt=\"\" \/><\/a>\n\t\t\t<\/dt><\/dl><br style=\"clear: both\" \/>\n\t\t<\/div>\n\n<p>De Xavi Mercad\u00e9 (<a href=\"https:\/\/www.facebook.com\/xavi.mercade\" target=\"_blank\">Facebook<\/a>) Gracias!<\/p>\n","protected":false},"excerpt":{"rendered":"<p>Fotograf\u00edas de El \u00daltimo de la Fila\u00a0en concierto, en Casernes de Girona\u00a0el 14 de Julio de 1988. De Xavi Mercad\u00e9 (Facebook) Gracias!<a class=\"moretag\" href=\"https:\/\/www.manologarciaycia.com\/?p=9603\" title=\"EL \u00daltimo de la Fila, Casernes de Girona 1988\" target=\"_self\" rel=\"follow\"> <font face=arial size=2>[Leer m\u00e1s]<\/font> <\/a><\/p>\n","protected":false},"author":2,"featured_media":0,"comment_status":"closed","ping_status":"open","sticky":false,"template":"","format":"gallery","meta":{"footnotes":""},"categories":[3,1,9],"tags":[],"class_list":["post-9603","post","type-post","status-publish","format-gallery","hentry","category-el-ultimo-de-la-fila","category-manolo-garcia","category-qumi-portet","post_format-post-format-gallery"],"_links":{"self":[{"href":"https:\/\/www.manologarciaycia.com\/index.php?rest_route=\/wp\/v2\/posts\/9603","targetHints":{"allow":["GET"]}}],"collection":[{"href":"https:\/\/www.manologarciaycia.com\/index.php?rest_route=\/wp\/v2\/posts"}],"about":[{"href":"https:\/\/www.manologarciaycia.com\/index.php?rest_route=\/wp\/v2\/types\/post"}],"author":[{"embeddable":true,"href":"https:\/\/www.manologarciaycia.com\/index.php?rest_route=\/wp\/v2\/users\/2"}],"replies":[{"embeddable":true,"href":"https:\/\/www.manologarciaycia.com\/index.php?rest_route=%2Fwp%2Fv2%2Fcomments&post=9603"}],"version-history":[{"count":2,"href":"https:\/\/www.manologarciaycia.com\/index.php?rest_route=\/wp\/v2\/posts\/9603\/revisions"}],"predecessor-version":[{"id":9609,"href":"https:\/\/www.manologarciaycia.com\/index.php?rest_route=\/wp\/v2\/posts\/9603\/revisions\/9609"}],"wp:attachment":[{"href":"https:\/\/www.manologarciaycia.com\/index.php?rest_route=%2Fwp%2Fv2%2Fmedia&parent=9603"}],"wp:term":[{"taxonomy":"category","embeddable":true,"href":"https:\/\/www.manologarciaycia.com\/index.php?rest_route=%2Fwp%2Fv2%2Fcategories&post=9603"},{"taxonomy":"post_tag","embeddable":true,"href":"https:\/\/www.manologarciaycia.com\/index.php?rest_route=%2Fwp%2Fv2%2Ftags&post=9603"}],"curies":[{"name":"wp","href":"https:\/\/api.w.org\/{rel}","templated":true}]}}