{"id":9598,"date":"2014-04-30T06:47:46","date_gmt":"2014-04-30T04:47:46","guid":{"rendered":"http:\/\/www.manologarciaycia.com\/?p=9598"},"modified":"2014-04-30T06:47:46","modified_gmt":"2014-04-30T04:47:46","slug":"manolo-garcia-expone-en-la-galeria-aritza-de-bilbao","status":"publish","type":"post","link":"https:\/\/www.manologarciaycia.com\/?p=9598","title":{"rendered":"Manolo Garc\u00eda expone en la Galer\u00eda Aritza de Bilbao"},"content":{"rendered":"<p>La <em>Galer\u00eda Aritza de Bilbao<\/em> ofrece una exposici\u00f3n de pinturas de <strong>Manolo Garc\u00eda<\/strong> a partir del pr\u00f3ximo 2 de mayo y hasta el 7 de junio. Bajo el t\u00edtulo \u00ab<strong>Miscel\u00e1nea<\/strong>\u00ab, la exposici\u00f3n re\u00fane parte de la producci\u00f3n m\u00e1s reciente del artista en pintura.<\/p>\n<p>La apertura de la exposici\u00f3n se enmarca dentro del <strong>Fin de Semana de las Artes de Bilbao Art district<\/strong> que se celebrar\u00e1 los d\u00edas 2 y 3 de mayo.<\/p>\n<p><em>Es la segunda vez en muchos a\u00f1os que su obra pict\u00f3rica estar\u00e1 a la venta<\/em>. A pesar de que<strong> Manolo Garc\u00eda<\/strong> ha venido exponiendo de forma regular a lo largo de los \u00faltimos veinte a\u00f1os, siempre ha sido muy reacio a vender obra. Esta ser\u00e1 la segunda ocasi\u00f3n tras la muestra ofrecida en la sala <em>La Tach\u00e9 de Barcelona<\/em> el pasado invierno.<\/p>\n<p><em>La totalidad de los beneficios que la exposici\u00f3n pudiera reportar al artista ir\u00e1n \u00edntegramente destinados a ONGs dedicadas a personas en exclusi\u00f3n social.<\/em><\/p>\n<p><strong>Galer\u00eda Aritza<\/strong><br \/>\nCalle del Marqu\u00e9s del Puerto, 14<br \/>\n48008 Bilbao<br \/>\nManolo Garc\u00eda. Miscel\u00e1nea<br \/>\nDel 2 de mayo al 7 de junio 2014<\/p>\n<p>Fuente: P\u00e1gina Oficial Manolo Garc\u00eda &#8211; <a href=\"http:\/\/www.manolo-garcia.com\/news\/manolo-garc%C3%AD-expone-en-la-galer%C3%AD-aritza-de-bilbao\" target=\"_blank\">ENLACE<\/a><\/p>\n","protected":false},"excerpt":{"rendered":"<p>La Galer\u00eda Aritza de Bilbao ofrece una exposici\u00f3n de pinturas de Manolo Garc\u00eda a partir del pr\u00f3ximo 2 de mayo y hasta el 7 de junio. Bajo el t\u00edtulo \u00abMiscel\u00e1nea\u00ab, la exposici\u00f3n re\u00fane parte de la producci\u00f3n m\u00e1s reciente del artista en pintura. La apertura de la exposici\u00f3n se enmarca dentro del Fin de Semana<a class=\"moretag\" href=\"https:\/\/www.manologarciaycia.com\/?p=9598\" title=\"Manolo Garc\u00eda expone en la Galer\u00eda Aritza de Bilbao\" target=\"_self\" rel=\"follow\"> <font face=arial size=2>[Leer m\u00e1s]<\/font> <\/a><\/p>\n","protected":false},"author":2,"featured_media":0,"comment_status":"closed","ping_status":"open","sticky":false,"template":"","format":"standard","meta":{"footnotes":""},"categories":[1],"tags":[],"class_list":["post-9598","post","type-post","status-publish","format-standard","hentry","category-manolo-garcia"],"_links":{"self":[{"href":"https:\/\/www.manologarciaycia.com\/index.php?rest_route=\/wp\/v2\/posts\/9598","targetHints":{"allow":["GET"]}}],"collection":[{"href":"https:\/\/www.manologarciaycia.com\/index.php?rest_route=\/wp\/v2\/posts"}],"about":[{"href":"https:\/\/www.manologarciaycia.com\/index.php?rest_route=\/wp\/v2\/types\/post"}],"author":[{"embeddable":true,"href":"https:\/\/www.manologarciaycia.com\/index.php?rest_route=\/wp\/v2\/users\/2"}],"replies":[{"embeddable":true,"href":"https:\/\/www.manologarciaycia.com\/index.php?rest_route=%2Fwp%2Fv2%2Fcomments&post=9598"}],"version-history":[{"count":1,"href":"https:\/\/www.manologarciaycia.com\/index.php?rest_route=\/wp\/v2\/posts\/9598\/revisions"}],"predecessor-version":[{"id":9599,"href":"https:\/\/www.manologarciaycia.com\/index.php?rest_route=\/wp\/v2\/posts\/9598\/revisions\/9599"}],"wp:attachment":[{"href":"https:\/\/www.manologarciaycia.com\/index.php?rest_route=%2Fwp%2Fv2%2Fmedia&parent=9598"}],"wp:term":[{"taxonomy":"category","embeddable":true,"href":"https:\/\/www.manologarciaycia.com\/index.php?rest_route=%2Fwp%2Fv2%2Fcategories&post=9598"},{"taxonomy":"post_tag","embeddable":true,"href":"https:\/\/www.manologarciaycia.com\/index.php?rest_route=%2Fwp%2Fv2%2Ftags&post=9598"}],"curies":[{"name":"wp","href":"https:\/\/api.w.org\/{rel}","templated":true}]}}