{"id":9593,"date":"2014-04-29T18:11:10","date_gmt":"2014-04-29T16:11:10","guid":{"rendered":"http:\/\/www.manologarciaycia.com\/?p=9593"},"modified":"2014-04-29T18:15:16","modified_gmt":"2014-04-29T16:15:16","slug":"el-arte-invade-las-calles-de-bilbao-el-2-y-el-3-de-mayo","status":"publish","type":"post","link":"https:\/\/www.manologarciaycia.com\/?p=9593","title":{"rendered":"El arte invade Bilbao. Manolo Garc\u00eda, encuentro con el p\u00fablico"},"content":{"rendered":"<p>El cantautor <strong>Manolo Garc\u00eda<\/strong> mostrar\u00e1 su faceta como pintor en la <em>Galer\u00eda Aritza<\/em>, donde mantendr\u00e1 un encuentro con el p\u00fablico el viernes a las 19.30, dentro del programa de Bilbao Art District; que celebra la segunda edici\u00f3n del evento \u201cFin de Semana de las Artes\u201d los pr\u00f3ximos d\u00edas 2 y 3 de mayo, con un ambicioso programa cultural y de ocio. <\/p>\n<div class=\"Entradilla\" style=\"color: #000000;\">\n<p style=\"font-weight: bold;\">Exposiciones, m\u00fasica, danza, talleres, performances y otras propuestas art\u00edsticas llenar\u00e1n las calles de la ciudad con actividades para todos los p\u00fablicos<\/p>\n<\/div>\n<p style=\"color: #000000;\">BILBAO. Museos con entrada gratuita, m\u00fasica en la calle, performances, encuentros con artistas en salas de exposiciones y galer\u00edas, conferencias y talleres para todos los p\u00fablicos, incluidas familias, son algunas de las propuestas del \u201cFin de Semana de las Artes\u201d, que llenar\u00e1 Bilbao de pasi\u00f3n por la cultura los d\u00edas 2 y 3 de mayo. Por segundo a\u00f1o consecutivo, Bilbao Art District organiza este gran evento con el objetivo de promocionar la cultura como motor social y econ\u00f3mico de la ciudad, adem\u00e1s de ofrecer a residentes y visitantes la oportunidad de disfrutar de dos jornadas repletas de arte y entretenimiento.<\/p>\n<p><b>Museos de puertas abiertas<\/b><\/p>\n<p style=\"color: #000000;\">Tres museos emblem\u00e1ticos de la ciudad abrir\u00e1n sus puertas de forma gratuita en horarios especiales. En el Museo Guggenheim Bilbao se podr\u00e1 visitar el s\u00e1bado d\u00eda 3, entre las 20.00 y las 22.00 horas, la exposici\u00f3n \u201cYOKO ONO, HALF-A-WIND SHOW.RETROSPECTIVA\u201d, con m\u00e1s de 200 obras que ofrecen una visi\u00f3n completa de esta artista pionera del arte conceptual y la performance. Por su parte, el Museo de Bellas Artes tendr\u00e1 entrada libre el viernes 2 de mayo, entre las 20.00 y las 21.00 horas, lo que permitir\u00e1 conocer la exposici\u00f3n del artista alem\u00e1n Markus L\u00fcpertz, con casi un centenar de pinturas, esculturas y obras sobre papel. El Museo Mar\u00edtimo R\u00eda de Bilbao se suma tambi\u00e9n al evento y ofrecer\u00e1 entrada gratuita el viernes y el s\u00e1bado entre las 18.00 y las 20.00 horas.<\/p>\n<p><b>Encuentro personal con artistas<\/b><\/p>\n<p style=\"color: #000000;\">El \u201cFin de Semana de las Artes\u201d supondr\u00e1 una gran ocasi\u00f3n para conocer en primera persona a distintos artistas, gracias a la iniciativa de las galer\u00edas de arte integradas en Bilbao Art District. El cantautor Manolo Garc\u00eda mostrar\u00e1 su faceta como pintor en la Galer\u00eda Aritza, donde mantendr\u00e1 un encuentro con el p\u00fablico el viernes a las 19.30 horas. Ese mismo d\u00eda y el s\u00e1bado, a las 19.30 horas, el pintor Jes\u00fas Pastor presentar\u00e1 sus obras expuestas en la Sala Rekalde.<\/p>\n<p>Los encuentros con los creadores se completar\u00e1n con la presencia de la artista Nathalie Mba Bikoro en la Galer\u00eda Kalao Panafrican Creations, el d\u00eda 2 a las 20.00 horas, del fot\u00f3grafo Patrick Grijalvo en Photo Gallery 20, el s\u00e1bado a las 13.00 horas, y del artista vasco Alberto Rementer\u00eda en la Galer\u00eda Juan Manuel Lumbreras, el s\u00e1bado en horario de 12.00 y 19.00 horas. Por su parte, el restaurador de obras de arte Luis \u00c1ngel de la Fuente disertar\u00e1 sobre su trabajo el viernes a las 19.00 horas en Restauraciones Luis de la Fuente.<\/p>\n<p><b>Cultura y actividades para toda la familia<\/b><\/p>\n<p style=\"color: #000000;\">El \u201cFin de Semana de las Artes\u201d est\u00e1 pensado para el disfrute de toda la familia, de ah\u00ed que se haya programado un buen n\u00famero de talleres, concursos y juegos. La Sala Rekalde y el Museo Guggenheim Bilbao programar\u00e1n actividades para ni\u00f1os y ni\u00f1as, que tambi\u00e9n podr\u00e1n disfrutar de una instalaci\u00f3n interactiva de juegos en Jardines de Albia. Las personas que quieran aprender a dise\u00f1ar camisetas contar\u00e1n con sendos talleres en la Sala Rekalde y la Traster\u00eda de Goya.<\/p>\n<p>En la Librer\u00eda Astarloa se llevar\u00e1n a cabo talleres de restauraci\u00f3n y encuadernaci\u00f3n, y en la Librer\u00eda Binario se propone dibujar elementos de la arquitectura de Bilbao. La pintura al aire tendr\u00e1 tambi\u00e9n su espacio en la ma\u00f1ana del s\u00e1bado entre el Museo Guggenheim Bilbao y la Plaza Euskadi.<\/p>\n<p><b>La calle es un escenario<\/b><\/p>\n<p style=\"color: #000000;\">La calle ser\u00e1 uno de los escenarios principales de la programaci\u00f3n con actuaciones y espect\u00e1culos en directo. Las personas aficionadas a la danza podr\u00e1n disfrutar de las propuestas \u2018To be continued\u2019 y \u2018Rojo Manso\u2019 el viernes a las 19.30 horas, en la explanada de las Torres de Isozaki y el s\u00e1bado, a las 20.00 horas, en la Plaza Jado, respectivamente. Estos dos emplazamientos ser\u00e1n igualmente el escenario para actuaciones de jazz y sesiones de DJs.<\/p>\n<p>La Asociaci\u00f3n de Comerciantes Bilbao Centro instalar\u00e1 un plat\u00f3 de TV en la calle Iparraguirre -entre Mazarredo y Barraincua- con entrevistas y actuaciones en directo. El edificio Bizkaia Aretoa UPV\/EHU, en el Paseo de Abandoibarra, ser\u00e1 objeto de dos intervenciones art\u00edsticas en su fachada de cristal, una de las cuales consistir\u00e1 en una proyecci\u00f3n nocturna titulada \u2018Una luz en la noche\u2019.<\/p>\n<p>Galer\u00edas de arte y museos ser\u00e1n igualmente escenario para actuaciones musicales, performances y nuevas expresiones de arte. Habr\u00e1 m\u00fasica cl\u00e1sica con guitarra y soprano en el Museo de Bellas Artes y en la Galer\u00eda Juan Lumbreras, y m\u00fasica rock en Photo Gallery 20 con la actuaci\u00f3n de Los Brazos y Ainara Zabaleta.<\/p>\n<p>Las personas que deseen profundizar en distintas materias relacionadas con el arte podr\u00e1n acudir a las conferencias y debates programados. En este apartado destaca el debate que se celebrar\u00e1 en el Bizkaia Aretoa UPV\/EHU bajo el t\u00edtulo \u2018Origen, identidad y globalizaci\u00f3n en el arte\u2019, que tendr\u00e1 a Javier Gonz\u00e1lez de Durana como moderador y contar\u00e1 con la participaci\u00f3n del comisario Gerardo Mosquera, la galerista Juana de Aizpuru y los artistas Javier P\u00e9rez y Nathalie Mba Bikoro.<\/p>\n<p><b>La UPV y artistas locales volcados con el proyecto<\/b><\/p>\n<p style=\"color: #000000;\">La Universidad del Pa\u00eds Vasco participa de forma activa en el \u201cFin de Semana de las Artes\u201d. Alumnas y alumnos de la Facultad de Bellas Artes intervienen en diferentes calles del Bilbao Art District con el objetivo de servir de escaparate para los diferentes modos de entender el arte y la creatividad. Los proyectos ser\u00e1n: \u201cTxorrota\u201d de Manuel Ramis, \u201cCoordenadas\u201d de Maite Leyun, \u201dAll Iron\u201d de Mar de Dios y Miguel Puertas, \u201cTejiendo el cordel\u201d de Amaia del Amo y Raffaella Regina, \u201cBanca\u201d de Ana Villase\u00f1or, \u201cLo que reluce\u201d de Manuel Casellas y \u201cChimpances con tut\u00fa\u201d como intervenci\u00f3n en el Paraninfo de la UPV\/EHU.<\/p>\n<p>As\u00edmismo, los artistas locales tienen un papel relevante en el \u201cFin de Semana de las Artes\u201d. Buen ejemplo de ello son las performances Reuni\u00f3n! de Hellen Duboc, Ferm\u00edn D\u00edez de Ulzurrun y Mawatres, en\u00a0 Galer\u00eda Windsor Kulturgintza, \u201cArte Perif\u00e9rico\u201dde Antonio Ranieri en su taller de Alameda de Mazarredo, 31, \u201cShow-cooking\u201d de Mabi Revuelta en la Galer\u00eda Vanguardia y \u201cTranscodificaciones\u201d de Jaime de los R\u00edos. Tambi\u00e9n cabe destacar la exposici\u00f3n \u201cEjercicios de Modelo\u201d de Alberto Rementer\u00eda en Galer\u00eda Juan Manuel Lumbreras.<\/p>\n<p><b>Presentaci\u00f3n del programa<\/b><\/p>\n<p style=\"color: #000000;\">La programaci\u00f3n completa del \u201cFin de Semana de las Artes\u201d se encuentra disponible en la p\u00e1gina web de Bilbao Art District -www.bilbaoartdistrict.com-. Las actividades que van a \u201cinvadir\u201d las calles de Bilbao se han presentado esta ma\u00f1ana en el Museo Guggenheim Bilbao con la presencia de Jos\u00e9 Luis Sabas, Segundo Teniente de Alcalde y Concejal Delegado del \u00c1rea de Obras y Servicios del Ayuntamiento de Bilbao, Josune Ariztondo, Diputada de Cultura de la Diputaci\u00f3n Foral de Bizkaia, y Juan Ignacio Vidarte, Director General del Museo Guggenheim Bilbao.<\/p>\n<p>El \u201cFin de Semana de las Artes\u201d cuenta con la colaboraci\u00f3n de Iberdrola y ser\u00e1 en su sede central donde se podr\u00e1 visitar la exposici\u00f3n \u2018La piel transl\u00facida\u2019, con obras pertenecientes a la colecci\u00f3n de la empresa energ\u00e9tica. Las invitaciones para la muestra se recoger\u00e1n previamente en Torre Iberdrola.<\/p>\n<p><b>Un proyecto compartido y estrat\u00e9gico para Bilbao<\/b><\/p>\n<p style=\"color: #000000;\">El \u201cFin de Semana de las Artes\u201d es uno de los eventos m\u00e1s destacados de cuantos organiza Bilbao Art District, un proyecto compartido y estrat\u00e9gico que refuerza el posicionamiento de Bilbao como ciudad de vanguardia, creativa y de dise\u00f1o. El distrito de las artes es una iniciativa conjunta de las galer\u00edas de arte, museos y agentes art\u00edsticos m\u00e1s importantes de la ciudad y cuenta con la colaboraci\u00f3n del Ayuntamiento de Bilbao y de la Diputaci\u00f3n Foral de Bizkaia.<\/p>\n<p>Bilbao Art District se marca entre sus objetivos el impulso de la identidad art\u00edstica del barrio del Ensanche y sus zonas pr\u00f3ximas a trav\u00e9s de una oferta cultural de calidad. El distrito de las artes abarca la zona comprendida entre el Museo Mar\u00edtimo, Jardines de Albia, Gran V\u00eda y el Paseo Abandoibarra. En este espacio se integran galer\u00edas de arte, libreros, anticuarios, casas de subasta y restauradores de prestigio, as\u00ed como el Museo de Bellas Artes, Museo Guggenheim Bilbao, Museo Mar\u00edtimo R\u00eda de Bilbao y Sala Rekalde.<\/p>\n<p>Fuente: Deia &#8211; <a href='http:\/\/www.deia.com\/2014\/04\/29\/ocio-y-cultura\/cultura\/el-arte-invade-las-calles-de-bilbao-el-2-y-el-3-de-mayo' targeT=_new>ENLACE<\/a><br \/>\nBilbao Art Disctrit &#8211; <a href='http:\/\/www.bilbaoartdistrict.com\/' target=_new>ENLACE<\/A><br \/>\nGaler\u00eda Aritza &#8211; <a herf='http:\/\/www.galeriaaritza.com\/' target=_new>ENLACE<\/a><\/p>\n","protected":false},"excerpt":{"rendered":"<p>El cantautor Manolo Garc\u00eda mostrar\u00e1 su faceta como pintor en la Galer\u00eda Aritza, donde mantendr\u00e1 un encuentro con el p\u00fablico el viernes a las 19.30, dentro del programa de Bilbao Art District; que celebra la segunda edici\u00f3n del evento \u201cFin de Semana de las Artes\u201d los pr\u00f3ximos d\u00edas 2 y 3 de mayo, con un<a class=\"moretag\" href=\"https:\/\/www.manologarciaycia.com\/?p=9593\" title=\"El arte invade Bilbao. Manolo Garc\u00eda, encuentro con el p\u00fablico\" target=\"_self\" rel=\"follow\"> <font face=arial size=2>[Leer m\u00e1s]<\/font> <\/a><\/p>\n","protected":false},"author":2,"featured_media":9594,"comment_status":"closed","ping_status":"open","sticky":false,"template":"","format":"standard","meta":{"footnotes":""},"categories":[1],"tags":[],"class_list":["post-9593","post","type-post","status-publish","format-standard","has-post-thumbnail","hentry","category-manolo-garcia"],"_links":{"self":[{"href":"https:\/\/www.manologarciaycia.com\/index.php?rest_route=\/wp\/v2\/posts\/9593","targetHints":{"allow":["GET"]}}],"collection":[{"href":"https:\/\/www.manologarciaycia.com\/index.php?rest_route=\/wp\/v2\/posts"}],"about":[{"href":"https:\/\/www.manologarciaycia.com\/index.php?rest_route=\/wp\/v2\/types\/post"}],"author":[{"embeddable":true,"href":"https:\/\/www.manologarciaycia.com\/index.php?rest_route=\/wp\/v2\/users\/2"}],"replies":[{"embeddable":true,"href":"https:\/\/www.manologarciaycia.com\/index.php?rest_route=%2Fwp%2Fv2%2Fcomments&post=9593"}],"version-history":[{"count":3,"href":"https:\/\/www.manologarciaycia.com\/index.php?rest_route=\/wp\/v2\/posts\/9593\/revisions"}],"predecessor-version":[{"id":9597,"href":"https:\/\/www.manologarciaycia.com\/index.php?rest_route=\/wp\/v2\/posts\/9593\/revisions\/9597"}],"wp:featuredmedia":[{"embeddable":true,"href":"https:\/\/www.manologarciaycia.com\/index.php?rest_route=\/wp\/v2\/media\/9594"}],"wp:attachment":[{"href":"https:\/\/www.manologarciaycia.com\/index.php?rest_route=%2Fwp%2Fv2%2Fmedia&parent=9593"}],"wp:term":[{"taxonomy":"category","embeddable":true,"href":"https:\/\/www.manologarciaycia.com\/index.php?rest_route=%2Fwp%2Fv2%2Fcategories&post=9593"},{"taxonomy":"post_tag","embeddable":true,"href":"https:\/\/www.manologarciaycia.com\/index.php?rest_route=%2Fwp%2Fv2%2Ftags&post=9593"}],"curies":[{"name":"wp","href":"https:\/\/api.w.org\/{rel}","templated":true}]}}