{"id":9496,"date":"2014-04-27T19:04:10","date_gmt":"2014-04-27T17:04:10","guid":{"rendered":"http:\/\/www.manologarciaycia.com\/?p=9496"},"modified":"2014-04-27T19:10:47","modified_gmt":"2014-04-27T17:10:47","slug":"9496","status":"publish","type":"post","link":"https:\/\/www.manologarciaycia.com\/?p=9496","title":{"rendered":"\u201cMISCEL\u00c1NEA\u201d de Manolo Garc\u00eda, exposici\u00f3n en Bilbao"},"content":{"rendered":"<p style=\"text-align: center;\"><strong>Inauguraci\u00f3n de la exposici\u00f3n con\u00a0presencia del artista viernes 02\/05\/2014 a las 19:30 h.<\/strong><\/p>\n<p>Galer\u00eda Aritza \u00a0presentar\u00e1\u00a0 la exposici\u00f3n \u201cMiscel\u00e1nea\u201d de Manolo Garc\u00eda. Con una obra que define como \u201csub-realista\u201d entre el expresionismo y el surrealismo, Manolo Garc\u00eda, el conocido canta-autor y tambi\u00e9n pintor, tras la exposici\u00f3n en la Galer\u00eda Tach\u00e9 de Barcelona, estar\u00e1 por primera vez en Bilbao inaugurando este evento.<\/p>\n<p>Horario:\u00a0de 11:30 a 14:00 y de 17:00 a 22:00 h. Galer\u00eda Aritza Marqu\u00e9s de Puerto, 14<\/p>\n<p>Fuente: Bilbao Art District &#8211; <a href=\"http:\/\/www.bilbaoartdistrict.com\/?page_id=6313\" target=\"_blank\">ENLACE<\/a><\/p>\n","protected":false},"excerpt":{"rendered":"<p>Inauguraci\u00f3n de la exposici\u00f3n con\u00a0presencia del artista viernes 02\/05\/2014 a las 19:30 h. Galer\u00eda Aritza \u00a0presentar\u00e1\u00a0 la exposici\u00f3n \u201cMiscel\u00e1nea\u201d de Manolo Garc\u00eda. Con una obra que define como \u201csub-realista\u201d entre el expresionismo y el surrealismo, Manolo Garc\u00eda, el conocido canta-autor y tambi\u00e9n pintor, tras la exposici\u00f3n en la Galer\u00eda Tach\u00e9 de Barcelona, estar\u00e1 por primera<a class=\"moretag\" href=\"https:\/\/www.manologarciaycia.com\/?p=9496\" title=\"\u201cMISCEL\u00c1NEA\u201d de Manolo Garc\u00eda, exposici\u00f3n en Bilbao\" target=\"_self\" rel=\"follow\"> <font face=arial size=2>[Leer m\u00e1s]<\/font> <\/a><\/p>\n","protected":false},"author":2,"featured_media":9497,"comment_status":"closed","ping_status":"open","sticky":false,"template":"","format":"standard","meta":{"footnotes":""},"categories":[1],"tags":[],"class_list":["post-9496","post","type-post","status-publish","format-standard","has-post-thumbnail","hentry","category-manolo-garcia"],"_links":{"self":[{"href":"https:\/\/www.manologarciaycia.com\/index.php?rest_route=\/wp\/v2\/posts\/9496","targetHints":{"allow":["GET"]}}],"collection":[{"href":"https:\/\/www.manologarciaycia.com\/index.php?rest_route=\/wp\/v2\/posts"}],"about":[{"href":"https:\/\/www.manologarciaycia.com\/index.php?rest_route=\/wp\/v2\/types\/post"}],"author":[{"embeddable":true,"href":"https:\/\/www.manologarciaycia.com\/index.php?rest_route=\/wp\/v2\/users\/2"}],"replies":[{"embeddable":true,"href":"https:\/\/www.manologarciaycia.com\/index.php?rest_route=%2Fwp%2Fv2%2Fcomments&post=9496"}],"version-history":[{"count":5,"href":"https:\/\/www.manologarciaycia.com\/index.php?rest_route=\/wp\/v2\/posts\/9496\/revisions"}],"predecessor-version":[{"id":9503,"href":"https:\/\/www.manologarciaycia.com\/index.php?rest_route=\/wp\/v2\/posts\/9496\/revisions\/9503"}],"wp:featuredmedia":[{"embeddable":true,"href":"https:\/\/www.manologarciaycia.com\/index.php?rest_route=\/wp\/v2\/media\/9497"}],"wp:attachment":[{"href":"https:\/\/www.manologarciaycia.com\/index.php?rest_route=%2Fwp%2Fv2%2Fmedia&parent=9496"}],"wp:term":[{"taxonomy":"category","embeddable":true,"href":"https:\/\/www.manologarciaycia.com\/index.php?rest_route=%2Fwp%2Fv2%2Fcategories&post=9496"},{"taxonomy":"post_tag","embeddable":true,"href":"https:\/\/www.manologarciaycia.com\/index.php?rest_route=%2Fwp%2Fv2%2Ftags&post=9496"}],"curies":[{"name":"wp","href":"https:\/\/api.w.org\/{rel}","templated":true}]}}