{"id":9416,"date":"2014-04-23T14:30:13","date_gmt":"2014-04-23T12:30:13","guid":{"rendered":"http:\/\/www.manologarciaycia.com\/?p=9416"},"modified":"2014-05-05T12:09:54","modified_gmt":"2014-05-05T10:09:54","slug":"sorteo-abonos-primera-persona","status":"publish","type":"post","link":"https:\/\/www.manologarciaycia.com\/?p=9416","title":{"rendered":"Primera Persona: charla Manolo Garc\u00eda 9 Mayo &#8211; Sorteo Abonos"},"content":{"rendered":"<p>En Barcelones.com sorteamos 3 abonos para que no te pierdas absolutamente nada de este festival tan especial. Tan solo tienes que enviar un e-mail y responder a la siguiente pregunta: \u00bfQu\u00e9 grupo brit\u00e1nico de post-punk, autoras de \u201cFairytale in the supermarket\u201d, actu\u00f3 en la edici\u00f3n del Primera Persona en 2013? El d\u00eda 1 de mayo contactaremos con los ganadores.<\/p>\n<p>MANOLO GARC\u00cdA La deuda emocional al incluir Manolo Garc\u00eda en esta lista es patente cuando nunca he sido fan ni de Los R\u00e1pidos, ni de Los Burros, ni de El \u00daltimo de la fila; pero Las Palmeras del Amor, Los \u00c1ngeles o Polvos de Talco se cuentan entre las canciones de mi vida, as\u00ed que no me queda m\u00e1s que claudicar y mostrar mis respetos al responsable de Ya no danzo al son de los tambores. Acompa\u00f1ado por integrantes de Extraperlo, El \u00daltimo Vecino y Miqui Puig para disertar sobre su trayectoria y la influencia que \u00e9sta ha tenido en sus interlocutores, <strong>algunos de los hits m\u00e1s arrolladores del exEUDLF ser\u00e1n interpretados all\u00ed mismo desatando m\u00e1s de una y m\u00e1s de dos insurrecciones.<\/strong> Y yo s\u00f3lo me querr\u00e9 defender. (V.P.)<\/p>\n<p><strong>Oficialmente NO est\u00e1 previsto que Manolo Garc\u00eda act\u00fae&#8230;<\/strong><\/p>\n<p>Fuente: Barcelones.com &#8211; V\u00edctor Parkas &#8211; Enlace: <a href=\"http:\/\/www.barcelones.com\/guia\/primera-persona-yo-mi-me-conmigo\/2014\/04\/\" target=\"_blank\">http:\/\/www.barcelones.com\/guia\/primera-persona-yo-mi-me-conmigo\/2014\/04\/<\/a><\/p>\n","protected":false},"excerpt":{"rendered":"<p>En Barcelones.com sorteamos 3 abonos para que no te pierdas absolutamente nada de este festival tan especial. Tan solo tienes que enviar un e-mail y responder a la siguiente pregunta: \u00bfQu\u00e9 grupo brit\u00e1nico de post-punk, autoras de \u201cFairytale in the supermarket\u201d, actu\u00f3 en la edici\u00f3n del Primera Persona en 2013? El d\u00eda 1 de mayo<a class=\"moretag\" href=\"https:\/\/www.manologarciaycia.com\/?p=9416\" title=\"Primera Persona: charla Manolo Garc\u00eda 9 Mayo &#8211; Sorteo Abonos\" target=\"_self\" rel=\"follow\"> <font face=arial size=2>[Leer m\u00e1s]<\/font> <\/a><\/p>\n","protected":false},"author":2,"featured_media":0,"comment_status":"closed","ping_status":"open","sticky":false,"template":"","format":"standard","meta":{"footnotes":""},"categories":[1],"tags":[],"class_list":["post-9416","post","type-post","status-publish","format-standard","hentry","category-manolo-garcia"],"_links":{"self":[{"href":"https:\/\/www.manologarciaycia.com\/index.php?rest_route=\/wp\/v2\/posts\/9416","targetHints":{"allow":["GET"]}}],"collection":[{"href":"https:\/\/www.manologarciaycia.com\/index.php?rest_route=\/wp\/v2\/posts"}],"about":[{"href":"https:\/\/www.manologarciaycia.com\/index.php?rest_route=\/wp\/v2\/types\/post"}],"author":[{"embeddable":true,"href":"https:\/\/www.manologarciaycia.com\/index.php?rest_route=\/wp\/v2\/users\/2"}],"replies":[{"embeddable":true,"href":"https:\/\/www.manologarciaycia.com\/index.php?rest_route=%2Fwp%2Fv2%2Fcomments&post=9416"}],"version-history":[{"count":4,"href":"https:\/\/www.manologarciaycia.com\/index.php?rest_route=\/wp\/v2\/posts\/9416\/revisions"}],"predecessor-version":[{"id":9639,"href":"https:\/\/www.manologarciaycia.com\/index.php?rest_route=\/wp\/v2\/posts\/9416\/revisions\/9639"}],"wp:attachment":[{"href":"https:\/\/www.manologarciaycia.com\/index.php?rest_route=%2Fwp%2Fv2%2Fmedia&parent=9416"}],"wp:term":[{"taxonomy":"category","embeddable":true,"href":"https:\/\/www.manologarciaycia.com\/index.php?rest_route=%2Fwp%2Fv2%2Fcategories&post=9416"},{"taxonomy":"post_tag","embeddable":true,"href":"https:\/\/www.manologarciaycia.com\/index.php?rest_route=%2Fwp%2Fv2%2Ftags&post=9416"}],"curies":[{"name":"wp","href":"https:\/\/api.w.org\/{rel}","templated":true}]}}