{"id":9411,"date":"2014-04-23T09:07:29","date_gmt":"2014-04-23T07:07:29","guid":{"rendered":"http:\/\/www.manologarciaycia.com\/?p=9411"},"modified":"2014-04-24T14:03:38","modified_gmt":"2014-04-24T12:03:38","slug":"manolo-garcia-en-el-persona-festival-bcn","status":"publish","type":"post","link":"https:\/\/www.manologarciaycia.com\/?p=9411","title":{"rendered":"Manolo Garc\u00eda en el Persona Festival, BCN"},"content":{"rendered":"<p>Manolo Garc\u00eda en el Persona Festival de Barcelona el pr\u00f3ximo Viernes 9 de Mayo:<\/p>\n<p>Sesi\u00f3n 4 &#8211; 22h: David Nobbs + Jonathan Coe \/ Ian Svenonius \/ Manolo Garc\u00eda. <\/p>\n<p>Seg\u00fan la organizaci\u00f3n: \u00abManolo Garc\u00eda (El \u00daltimo de la Fila) conversar\u00e1 sobre su carrera con m\u00fasicos de tres generaciones: Extraperlo, El \u00daltimo Vecino i Miqui Puig\u00bb. <\/p>\n<p>Lugar: Festival Primera Persona, Centre de Cultura CCCB, Barcelona<br \/>\nVenta de entradas: Taquillas del CCCB y Telentrada, Tel\u00e9fono 902 101 212<br \/>\nPrecio: 7\u20ac<\/p>\n<p><a href=\"http:\/\/www.manologarciaycia.com\/wp-content\/uploads\/2014\/04\/manologarcia_zps99fe34d1.jpg\"><img loading=\"lazy\" decoding=\"async\" src=\"http:\/\/www.manologarciaycia.com\/wp-content\/uploads\/2014\/04\/manologarcia_zps99fe34d1.jpg\" alt=\"manologarcia_zps99fe34d1\" width=\"450\" height=\"250\" class=\"aligncenter size-full wp-image-9413\" \/><\/a><\/p>\n<p>Fuente: <a href=\"http:\/\/primerapersonabcn.blogspot.com.es\/ \" target=\"_blank\">http:\/\/primerapersonabcn.blogspot.com.es\/ <\/a><\/p>\n","protected":false},"excerpt":{"rendered":"<p>Manolo Garc\u00eda en el Persona Festival de Barcelona el pr\u00f3ximo Viernes 9 de Mayo: Sesi\u00f3n 4 &#8211; 22h: David Nobbs + Jonathan Coe \/ Ian Svenonius \/ Manolo Garc\u00eda. Seg\u00fan la organizaci\u00f3n: \u00abManolo Garc\u00eda (El \u00daltimo de la Fila) conversar\u00e1 sobre su carrera con m\u00fasicos de tres generaciones: Extraperlo, El \u00daltimo Vecino i Miqui Puig\u00bb.<a class=\"moretag\" href=\"https:\/\/www.manologarciaycia.com\/?p=9411\" title=\"Manolo Garc\u00eda en el Persona Festival, BCN\" target=\"_self\" rel=\"follow\"> <font face=arial size=2>[Leer m\u00e1s]<\/font> <\/a><\/p>\n","protected":false},"author":2,"featured_media":9440,"comment_status":"closed","ping_status":"open","sticky":false,"template":"","format":"standard","meta":{"footnotes":""},"categories":[1],"tags":[],"class_list":["post-9411","post","type-post","status-publish","format-standard","has-post-thumbnail","hentry","category-manolo-garcia"],"_links":{"self":[{"href":"https:\/\/www.manologarciaycia.com\/index.php?rest_route=\/wp\/v2\/posts\/9411","targetHints":{"allow":["GET"]}}],"collection":[{"href":"https:\/\/www.manologarciaycia.com\/index.php?rest_route=\/wp\/v2\/posts"}],"about":[{"href":"https:\/\/www.manologarciaycia.com\/index.php?rest_route=\/wp\/v2\/types\/post"}],"author":[{"embeddable":true,"href":"https:\/\/www.manologarciaycia.com\/index.php?rest_route=\/wp\/v2\/users\/2"}],"replies":[{"embeddable":true,"href":"https:\/\/www.manologarciaycia.com\/index.php?rest_route=%2Fwp%2Fv2%2Fcomments&post=9411"}],"version-history":[{"count":2,"href":"https:\/\/www.manologarciaycia.com\/index.php?rest_route=\/wp\/v2\/posts\/9411\/revisions"}],"predecessor-version":[{"id":9415,"href":"https:\/\/www.manologarciaycia.com\/index.php?rest_route=\/wp\/v2\/posts\/9411\/revisions\/9415"}],"wp:featuredmedia":[{"embeddable":true,"href":"https:\/\/www.manologarciaycia.com\/index.php?rest_route=\/wp\/v2\/media\/9440"}],"wp:attachment":[{"href":"https:\/\/www.manologarciaycia.com\/index.php?rest_route=%2Fwp%2Fv2%2Fmedia&parent=9411"}],"wp:term":[{"taxonomy":"category","embeddable":true,"href":"https:\/\/www.manologarciaycia.com\/index.php?rest_route=%2Fwp%2Fv2%2Fcategories&post=9411"},{"taxonomy":"post_tag","embeddable":true,"href":"https:\/\/www.manologarciaycia.com\/index.php?rest_route=%2Fwp%2Fv2%2Ftags&post=9411"}],"curies":[{"name":"wp","href":"https:\/\/api.w.org\/{rel}","templated":true}]}}