{"id":9222,"date":"2014-03-31T19:27:31","date_gmt":"2014-03-31T17:27:31","guid":{"rendered":"http:\/\/www.manologarciaycia.com\/?p=9222"},"modified":"2014-04-01T11:36:37","modified_gmt":"2014-04-01T09:36:37","slug":"sisa-portet-i-oliver-4-de-abril-en-cardedeu","status":"publish","type":"post","link":"https:\/\/www.manologarciaycia.com\/?p=9222","title":{"rendered":"Sisa, Portet i Oliver, 4 de abril en Cardedeu"},"content":{"rendered":"<p>Viernes 4 de abril a las 22 h. Jaume Sisa, Quimi Portet y Joan Miquel Oliver representan tres ejemplos evidentes del individuo que ha sabido hacerse entender, que ha sabido exponer con una gama muy generosa de recursos las propias ideas est\u00e9ticas, y que ha ejercido la libertad creativa dejando un repertorio magn\u00edfico que nunca ha dejado de aumentar. Entre los tres suman cerca de cuatrocientas canciones, todo un universo que, en realidad, son tres diferentes unidos por un hilo invisible que los m\u00e1s osados \u200b\u200bdenominan tradici\u00f3n y que ellos redescubrieron trabajando para el espect\u00e1culo que, el pasado 12 de septiembre, inaugur\u00f3 la \u00faltima edici\u00f3n del Mercado de M\u00fasica Viva de Vic. Un concierto sin precedentes que, antes incluso del aplauso un\u00e1nime de cr\u00edtica y p\u00fablico, ya hab\u00eda engendrado planes de futuro. <\/p>\n<p>Sisa, Portet y Oliver, los tres encima de un escenario, amenazaban con hacerse m\u00e1s molesta pero han acabado como chiquillos a una pasteler\u00eda inventando la m\u00fasica de los astros.<\/p>\n<p>G\u00e9nero: m\u00fasica<br \/>\nDuraci\u00f3n: 90 minutos<br \/>\nPrecio: 15 \u20ac (Descuento del 20% para mayores de 65 a\u00f1os, menores de 29 a\u00f1os &#8230;)<\/p>\n<p>Fuente: CECUCA &#8211; Centro Cultural Cardedeu http:\/\/www.cecuca.cat\/sisa-portet-i-oliver-4-dabril\/<\/p>\n","protected":false},"excerpt":{"rendered":"<p>Viernes 4 de abril a las 22 h. Jaume Sisa, Quimi Portet y Joan Miquel Oliver representan tres ejemplos evidentes del individuo que ha sabido hacerse entender, que ha sabido exponer con una gama muy generosa de recursos las propias ideas est\u00e9ticas, y que ha ejercido la libertad creativa dejando un repertorio magn\u00edfico que nunca<a class=\"moretag\" href=\"https:\/\/www.manologarciaycia.com\/?p=9222\" title=\"Sisa, Portet i Oliver, 4 de abril en Cardedeu\" target=\"_self\" rel=\"follow\"> <font face=arial size=2>[Leer m\u00e1s]<\/font> <\/a><\/p>\n","protected":false},"author":2,"featured_media":0,"comment_status":"closed","ping_status":"open","sticky":false,"template":"","format":"video","meta":{"footnotes":""},"categories":[23,9],"tags":[],"class_list":["post-9222","post","type-post","status-publish","format-video","hentry","category-otros","category-qumi-portet","post_format-post-format-video"],"_links":{"self":[{"href":"https:\/\/www.manologarciaycia.com\/index.php?rest_route=\/wp\/v2\/posts\/9222","targetHints":{"allow":["GET"]}}],"collection":[{"href":"https:\/\/www.manologarciaycia.com\/index.php?rest_route=\/wp\/v2\/posts"}],"about":[{"href":"https:\/\/www.manologarciaycia.com\/index.php?rest_route=\/wp\/v2\/types\/post"}],"author":[{"embeddable":true,"href":"https:\/\/www.manologarciaycia.com\/index.php?rest_route=\/wp\/v2\/users\/2"}],"replies":[{"embeddable":true,"href":"https:\/\/www.manologarciaycia.com\/index.php?rest_route=%2Fwp%2Fv2%2Fcomments&post=9222"}],"version-history":[{"count":1,"href":"https:\/\/www.manologarciaycia.com\/index.php?rest_route=\/wp\/v2\/posts\/9222\/revisions"}],"predecessor-version":[{"id":9224,"href":"https:\/\/www.manologarciaycia.com\/index.php?rest_route=\/wp\/v2\/posts\/9222\/revisions\/9224"}],"wp:attachment":[{"href":"https:\/\/www.manologarciaycia.com\/index.php?rest_route=%2Fwp%2Fv2%2Fmedia&parent=9222"}],"wp:term":[{"taxonomy":"category","embeddable":true,"href":"https:\/\/www.manologarciaycia.com\/index.php?rest_route=%2Fwp%2Fv2%2Fcategories&post=9222"},{"taxonomy":"post_tag","embeddable":true,"href":"https:\/\/www.manologarciaycia.com\/index.php?rest_route=%2Fwp%2Fv2%2Ftags&post=9222"}],"curies":[{"name":"wp","href":"https:\/\/api.w.org\/{rel}","templated":true}]}}