{"id":9115,"date":"2014-03-24T18:14:26","date_gmt":"2014-03-24T17:14:26","guid":{"rendered":"http:\/\/www.manologarciaycia.com\/?p=9115"},"modified":"2014-03-24T20:46:29","modified_gmt":"2014-03-24T19:46:29","slug":"el-laboratorio-pop-de-vic","status":"publish","type":"post","link":"https:\/\/www.manologarciaycia.com\/?p=9115","title":{"rendered":"El laboratorio pop de Vic"},"content":{"rendered":"<p>Una nueva escena, con artistas como La Iaia, Nyand\u00fa, N\u00faria Graham y Mates Mates, agita la comarca de Osona. Los grupos no est\u00e1n unidos por un estilo musical, sino por la voluntad de crear con libertad radical y sin complejos. Las propuestas incluyen canci\u00f3n indie, psicodelia folk y rock con vistas al hardcore y al noise. <\/p>\n<p>En los a\u00f1os 80, Vic fue la cuna de Trogloditas, la banda de Loquillo; de Quimi Portet, cofundador de El \u00daltimo de la Fila, y de una ef\u00edmera estrella del pop en catal\u00e1n, Duble Buble. Tres d\u00e9cadas despu\u00e9s, la comarca de Osona es el epicentro de una escena inquieta y diversa, que insufla ox\u00edgeno a nuestra cambiante escena. Un polo de actividad y un laboratorio de ideas en el que algunos nombres con proyecci\u00f3n, como La Iaia, Nyand\u00fa, N\u00faria Graham o Joana Serrat, son solo la punta del iceberg. <\/p>\n<p>Vic es la sede del Mercat de M\u00fasica Viva, aunque toda esa ebullici\u00f3n tiene m\u00e1s que ver con su parcela off y con modestos escaparates paralelos como el Festival Hoteler, el Sugar Il\u00b7legal Fest y el ya difunto In-Victro, que en las \u00faltimas ediciones han atra\u00eddo a grupos locales de vocaci\u00f3n underground no siempre interesados en saltar a la parrilla oficial de la muestra. Bandas \u00abradicales en lo suyo y con un punto punkie\u00bb, opina la vigatana Maria Blay, m\u00e1nager de, entre otros, La Iaia, N\u00faria Graham y Quimi Portet, que atribuye a la ciudad esa concentraci\u00f3n de proyectos debido a su historial como \u00ablugar con cultura de conciertos\u00bb.<\/p>\n<p><a href=\"http:\/\/www.manologarciaycia.com\/wp-content\/uploads\/2014\/03\/EP_240314.jpg\"><img loading=\"lazy\" decoding=\"async\" src=\"http:\/\/www.manologarciaycia.com\/wp-content\/uploads\/2014\/03\/EP_240314-500x190.jpg\" alt=\"EP_240314\" width=\"500\" height=\"190\" class=\"aligncenter size-medium wp-image-9116\" srcset=\"https:\/\/www.manologarciaycia.com\/wp-content\/uploads\/2014\/03\/EP_240314-500x190.jpg 500w, https:\/\/www.manologarciaycia.com\/wp-content\/uploads\/2014\/03\/EP_240314-1024x389.jpg 1024w, https:\/\/www.manologarciaycia.com\/wp-content\/uploads\/2014\/03\/EP_240314-695x264.jpg 695w, https:\/\/www.manologarciaycia.com\/wp-content\/uploads\/2014\/03\/EP_240314-930x354.jpg 930w, https:\/\/www.manologarciaycia.com\/wp-content\/uploads\/2014\/03\/EP_240314.jpg 1069w\" sizes=\"auto, (max-width: 500px) 100vw, 500px\" \/><\/a><\/p>\n<p>CUESTI\u00d3N DE ACTITUD \/ Les une m\u00e1s la actitud que el estilo musical, muy diverso. Porque aqu\u00ed hay indie-cantautores (Serrat, Graham, Roger Usart), pop mutante (La Iaia), neopsicodelia folk (Mates Mates, producidos por Joan Pons, El Petit de Cal Eril) y mucho rock librepensante con vistas al hardcore, al noise o al art-punk, de Furguson a L\u2019Hereu Escampa, Univers u Ohios. \u00abTienen en com\u00fan el amor a la m\u00fasica\u00bb, opina Sergi Egea, de Fam\u00e8lic, sello discogr\u00e0fico surgido en Vic y destacado en esta nueva red de conspiraciones. Algunos, eso s\u00ed, aspiran a un cierto mainstream pop ala alternativa, \u00aby otros se quedar\u00e1n muy felices en el circuito minoritario en el que se mueven\u00bb, se\u00f1ala Egea, activista tambi\u00e9n vinculado al Festival Hoteler, excoordinador del Festus de Torell\u00f3, t\u00e9cnico de sonido (\u00a1y camarero!) del barcelon\u00e9s Heliog\u00e0bal y programador de su ciclo Ronda&#8230; \u00abEl mundo de la m\u00fasica peque\u00f1a no es un gran negocio y tienes que ser multitarea\u00bb, precisa. <\/p>\n<p>Como toda escena, esta cuenta con su punto de reuni\u00f3n, La Jazz Cava, bar y sala de conciertos que organiza un festival, el Foramuralla, en junio, abierto a grupos de todas partes pero con sensibilidad por los locales (en el 2013 cont\u00f3 con Furguson y N\u00faria Graham). El bar \u00abes donde surgi\u00f3 el caldo de cultivo y donde nos acabamos encontrando todos\u00bb, destaca Maria Blay. Ah\u00ed se dirigen m\u00fasicos y profesionales no solo de Vic, sino de otros puntos de la comarca, como Manlleu o Torell\u00f3. Hablamos de una escena osonenca, no limitada a su capital. <\/p>\n<p>EN EXPANSI\u00d3N \/ Aunque hace dos, tres a\u00f1os que comenz\u00f3 a percibirse que algo estaba pasando en torno a Vic (Egea recuerda que en el Hoteler de septiembre del 2011 ya observ\u00f3 \u00abun aura de comuni\u00f3n especial\u00bb), es ahora cuando podemos hablar de escena y no solo de unos pocos nombres aislados. Artistas con, todav\u00eda, muy poco material publicado atraen miradas, como Germ\u00e0 Aire (con dos miembros de Mates Mates), Regalim, Ohios, Nult, Lloret Salvatge, Power Burkas, Tidal Waves, K\u00edar, Carla Serrat (hermana de Joana) y los adoptados Dof\u00ed Malalt (originarios de Lleida). Sonidos muy diversos y opci\u00f3n ling\u00fc\u00edstica decantada por el catal\u00e1n y el ingl\u00e9s. <\/p>\n<p>Y emergiendo del bullicio, La Iaia, con su segundo disco, On \u00e9s la m\u00e0gia?, que consuma un veloz viaje desde el folk hacia un pop abierto a la electr\u00f3nica; Nyand\u00fa, que prepara el relevo a L\u2019origen de les esp\u00e8cies (disco fruto de su victoria en el Sona 9 del 2011), y una Joana Serrat situada en la lanzadera despu\u00e9s de su fichaje por El Segell del Primavera. Y la m\u00e1s joven, N\u00faria Graham, cuyo primer disco (tras la celebrada maqueta del a\u00f1o pasado) se har\u00e1 esperar hasta finales de a\u00f1o o principios del 2015. Son, por ahora, las caras m\u00e1s conocidas de un frente de grupos llamado a dar alegr\u00edas, que se mueve guiado por sus impulsos. Como destaca Sergi Egea, \u00ablo m\u00e1s importante es que se hacen cosas originales, a veces atrevidas, y sin complejos\u00bb.<\/p>\n<p>Fuente: El Peri\u00f3dico de Catalunya &#8211; Edic. Impresa 24\/3\/14<\/p>\n","protected":false},"excerpt":{"rendered":"<p>Una nueva escena, con artistas como La Iaia, Nyand\u00fa, N\u00faria Graham y Mates Mates, agita la comarca de Osona. Los grupos no est\u00e1n unidos por un estilo musical, sino por la voluntad de crear con libertad radical y sin complejos. Las propuestas incluyen canci\u00f3n indie, psicodelia folk y rock con vistas al hardcore y al<a class=\"moretag\" href=\"https:\/\/www.manologarciaycia.com\/?p=9115\" title=\"El laboratorio pop de Vic\" target=\"_self\" rel=\"follow\"> <font face=arial size=2>[Leer m\u00e1s]<\/font> <\/a><\/p>\n","protected":false},"author":2,"featured_media":9116,"comment_status":"closed","ping_status":"open","sticky":false,"template":"","format":"standard","meta":{"footnotes":""},"categories":[23,9],"tags":[],"class_list":["post-9115","post","type-post","status-publish","format-standard","has-post-thumbnail","hentry","category-otros","category-qumi-portet"],"_links":{"self":[{"href":"https:\/\/www.manologarciaycia.com\/index.php?rest_route=\/wp\/v2\/posts\/9115","targetHints":{"allow":["GET"]}}],"collection":[{"href":"https:\/\/www.manologarciaycia.com\/index.php?rest_route=\/wp\/v2\/posts"}],"about":[{"href":"https:\/\/www.manologarciaycia.com\/index.php?rest_route=\/wp\/v2\/types\/post"}],"author":[{"embeddable":true,"href":"https:\/\/www.manologarciaycia.com\/index.php?rest_route=\/wp\/v2\/users\/2"}],"replies":[{"embeddable":true,"href":"https:\/\/www.manologarciaycia.com\/index.php?rest_route=%2Fwp%2Fv2%2Fcomments&post=9115"}],"version-history":[{"count":4,"href":"https:\/\/www.manologarciaycia.com\/index.php?rest_route=\/wp\/v2\/posts\/9115\/revisions"}],"predecessor-version":[{"id":9124,"href":"https:\/\/www.manologarciaycia.com\/index.php?rest_route=\/wp\/v2\/posts\/9115\/revisions\/9124"}],"wp:featuredmedia":[{"embeddable":true,"href":"https:\/\/www.manologarciaycia.com\/index.php?rest_route=\/wp\/v2\/media\/9116"}],"wp:attachment":[{"href":"https:\/\/www.manologarciaycia.com\/index.php?rest_route=%2Fwp%2Fv2%2Fmedia&parent=9115"}],"wp:term":[{"taxonomy":"category","embeddable":true,"href":"https:\/\/www.manologarciaycia.com\/index.php?rest_route=%2Fwp%2Fv2%2Fcategories&post=9115"},{"taxonomy":"post_tag","embeddable":true,"href":"https:\/\/www.manologarciaycia.com\/index.php?rest_route=%2Fwp%2Fv2%2Ftags&post=9115"}],"curies":[{"name":"wp","href":"https:\/\/api.w.org\/{rel}","templated":true}]}}