{"id":8837,"date":"2014-02-27T08:37:27","date_gmt":"2014-02-27T07:37:27","guid":{"rendered":"http:\/\/www.manologarciaycia.com\/?p=8837"},"modified":"2014-02-27T08:44:23","modified_gmt":"2014-02-27T07:44:23","slug":"soy-una-persona-normal-que-hace-vida-de-barrio","status":"publish","type":"post","link":"https:\/\/www.manologarciaycia.com\/?p=8837","title":{"rendered":"\u00abSoy una persona normal que hace vida de barrio\u00bb"},"content":{"rendered":"<p>Manolo Garc\u00eda inaugur\u00f3 ayer en Pola de Siero una exposici\u00f3n pict\u00f3rica con 45 cuadros y 30 fotograf\u00edas y ya prepara nuevo disco.<br \/>\n<a href=\"http:\/\/www.manologarciaycia.com\/wp-content\/uploads\/2014\/02\/MG_C.jpg\"><img loading=\"lazy\" decoding=\"async\" src=\"http:\/\/www.manologarciaycia.com\/wp-content\/uploads\/2014\/02\/MG_C-500x281.jpg\" alt=\"MG_C\" width=\"500\" height=\"281\" class=\"aligncenter size-medium wp-image-8839\" srcset=\"https:\/\/www.manologarciaycia.com\/wp-content\/uploads\/2014\/02\/MG_C-500x281.jpg 500w, https:\/\/www.manologarciaycia.com\/wp-content\/uploads\/2014\/02\/MG_C.jpg 643w\" sizes=\"auto, (max-width: 500px) 100vw, 500px\" \/><\/a><br \/>\nEs hijo de un obrero metal\u00fargico y siempre ha estado \u00aba pie de calle\u00bb. Aunque triunfa en los escenarios con su poes\u00eda hecha m\u00fasica, no se le ha subido el \u00e9xito a la cabeza. Esa inquietud por mantener viva la llama social es la que le hace ser tan cercano y afable. Ayer lo demostr\u00f3 en Pola de Siero donde, hasta el pr\u00f3ximo d\u00eda 20 de marzo, en la Casa de Cultura, mostrar\u00e1 su otra faceta art\u00edstica: 46 pinturas y 30 fotograf\u00edas que ha realizado en los momentos en los que deja a un lado su guitarra para coger un lienzo, \u00abmancharlo\u00bb, \u00abhacer fondo\u00bb y empezar el boceto. Y siempre lleva a mano su c\u00e1mara de fotos.<\/p>\n<p><strong>-Hoy (por ayer) muri\u00f3 Paco de Luc\u00eda. \u00bfQu\u00e9 ha representado para usted su m\u00fasica?<\/strong><br \/>\n<em>-He admirado su obra y su m\u00fasica. Es una gran p\u00e9rdida de talla internacional. Ha combinado el jazz y el blues y es uno de esos m\u00fasicos que se da cada cien a\u00f1os, como Camar\u00f3n de la Isla.<br \/>\n<\/em><\/p>\n<p><strong>-\u00bfQu\u00e9 aporta su m\u00fasica?<\/strong><br \/>\n<em>-No voy a ser objetivo. Puedes intentar aportar sinceridad y honestidad. Yo intento que mi sentir llegue directo a los dem\u00e1s, sin artificio, probando sonidos o integr\u00e1ndolos a mi manera. Es una pretensi\u00f3n l\u00edrica. Pretendo ser un poeta y dejar una impronta personal con una mirada surrealista, abstracta y human\u00edstica.<\/em><\/p>\n<p><strong>-\u00bfC\u00f3mo le vienen las musas?<\/strong><br \/>\n<em>-Soy una persona muy normal que hace una vida de barrio. Voy al cine, pinto, oigo m\u00fasica&#8230;Me ha pasado alguna vez que me he acostado a las once de la noche y a las dos de la madrugada me he levantado para apuntar una idea que me ha llegado de repente y al d\u00eda siguiente miro los acordes a ver si tiene sentido. Soy m\u00fasico de o\u00eddo. Hago unas notas con mi grabadora y cualquier detalle me sirve de inspiraci\u00f3n. Soy observador; me gusta mucho callejear y hablar con todo el mundo de todo.<br \/>\n<\/em><\/p>\n<p><strong>-\u00bfSe rige por alguna m\u00e1xima?<\/strong><br \/>\n<em>-S\u00ed. La de que la avaricia rompe el saco. No soy ambicioso y busco una tarde de sol. Esos momentos \u00e1lgidos, que no hay tantos en la vida, donde uno se siente bien.<\/em><\/p>\n<p><strong>-\u00bfEl color de sus pinturas depende de su estado de \u00e1nimo?<\/strong><br \/>\n<em>-Pienso que en el fondo s\u00ed. Veo etapas de m\u00e1s placidez y hay una explicaci\u00f3n. El ritual es placentero. Cuando empiezo con los pinceles me abstraigo del planeta en un pa\u00eds mental. Cojo la tela en blanco y, como decimos los que pintamos, lo primero que hacemos es manchar, hacer fondo y un boceto. El tiempo en ese momento no existe.<\/em><\/p>\n<p><strong>-\u00bfEn su casa escucha su m\u00fasica?<\/strong><br \/>\n<em>-No, yo creo que ya tengo bastante cuando compongo y arreglo; si no ser\u00eda enfermizo. Escucho otro tipo de m\u00fasica como a Pink Floyd, por ejemplo.<\/em><\/p>\n<p><strong>-\u00bfAlguna vez se ha olvidado de la letra de una canci\u00f3n en plena actuaci\u00f3n? \u00bfC\u00f3mo se sale airoso del apuro?<\/strong><br \/>\n<em>-Claro que s\u00ed. En alguna gira se me ha olvidado alguna letra antigua y alguno de los m\u00fasicos me ha dicho una palabra y ya enseguida he empezado a recordar. Tampoco tengo problema en decirlo. Una vez me pas\u00f3, me aplaudieron y segu\u00ed cantando con naturalidad.<\/em><\/p>\n<p><strong>-\u00bfQu\u00e9 le inspirar\u00eda el Principado para un cuadro?<\/strong><br \/>\n<em>-Me inspira lo rural. Me fascina el verde. El contraste. Les vaques en el prao. La primera vez que vine a Asturias ven\u00eda de un tema hippie de autogesti\u00f3n, de econom\u00eda familiar de subsistencia y de no dependencia de las multinacionales y eso me gusta mucho. Tambi\u00e9n me interesa mucho que hay gente combativa, minera, de astilleros&#8230; Mi padre era obrero metal\u00fargico y ese orgullo de clase se tiene. Hay que tener conciencia de que no es viable que 16 millones de personas trabajen para mantener a 40. Tiene que haber una vida digna para todos y facilitar los medios. No pueden poner palos en las ruedas. \u00bfC\u00f3mo puede ser que no haya para sobrevivir? \u00bfPero qu\u00e9 es esto? Es absolutamente inmoral.<\/em><\/p>\n<p><strong>-Se aprecia que es muy combativo tambi\u00e9n con los pol\u00edticos.<\/strong><br \/>\n<em>-S\u00ed. Me molesta que se critique a Maribel Verd\u00fa o a Javier Bardem, por ejemplo, porque pueden tener una carrera exitosa o dinero pero tambi\u00e9n pueden seguir teniendo conciencia de clase y equidad. \u00bfC\u00f3mo se les puede criticar? \u00bfAcaso los que les critican saben en qu\u00e9 emplean su dinero y si lo donan? Este sistema es aberrante. Ya lo pensaba con 15 a\u00f1os. Los pol\u00edticos no est\u00e1n a pie de calle. Pero vamos a hablar de otro tema que este me pone de muy mal humor y apenas hemos hablado de la exposici\u00f3n (risas). Traigo a Asturias 45 cuadros y 30 fotograf\u00edas de material hecho en los \u00faltimos 4 \u00f3 5 a\u00f1os. Tambi\u00e9n estoy trabajando en los temas de mi pr\u00f3ximo disco.<\/em><\/p>\n<p><strong>-Ya no habr\u00e1 preguntas originales ante tanta entrevista&#8230;<\/strong><br \/>\n<em>-A m\u00ed no me molesta. La promoci\u00f3n de una gira o exposici\u00f3n va en beneficio del autor y aunque no es la parte que m\u00e1s me fascina, estoy agradecido por el inter\u00e9s que muestran tanto los fans como la prensa.<\/em><\/p>\n","protected":false},"excerpt":{"rendered":"<p>Manolo Garc\u00eda inaugur\u00f3 ayer en Pola de Siero una exposici\u00f3n pict\u00f3rica con 45 cuadros y 30 fotograf\u00edas y ya prepara nuevo disco. Es hijo de un obrero metal\u00fargico y siempre ha estado \u00aba pie de calle\u00bb. Aunque triunfa en los escenarios con su poes\u00eda hecha m\u00fasica, no se le ha subido el \u00e9xito a la<a class=\"moretag\" href=\"https:\/\/www.manologarciaycia.com\/?p=8837\" title=\"\u00abSoy una persona normal que hace vida de barrio\u00bb\" target=\"_self\" rel=\"follow\"> <font face=arial size=2>[Leer m\u00e1s]<\/font> <\/a><\/p>\n","protected":false},"author":2,"featured_media":0,"comment_status":"closed","ping_status":"open","sticky":false,"template":"","format":"standard","meta":{"footnotes":""},"categories":[1],"tags":[],"class_list":["post-8837","post","type-post","status-publish","format-standard","hentry","category-manolo-garcia"],"_links":{"self":[{"href":"https:\/\/www.manologarciaycia.com\/index.php?rest_route=\/wp\/v2\/posts\/8837","targetHints":{"allow":["GET"]}}],"collection":[{"href":"https:\/\/www.manologarciaycia.com\/index.php?rest_route=\/wp\/v2\/posts"}],"about":[{"href":"https:\/\/www.manologarciaycia.com\/index.php?rest_route=\/wp\/v2\/types\/post"}],"author":[{"embeddable":true,"href":"https:\/\/www.manologarciaycia.com\/index.php?rest_route=\/wp\/v2\/users\/2"}],"replies":[{"embeddable":true,"href":"https:\/\/www.manologarciaycia.com\/index.php?rest_route=%2Fwp%2Fv2%2Fcomments&post=8837"}],"version-history":[{"count":2,"href":"https:\/\/www.manologarciaycia.com\/index.php?rest_route=\/wp\/v2\/posts\/8837\/revisions"}],"predecessor-version":[{"id":8841,"href":"https:\/\/www.manologarciaycia.com\/index.php?rest_route=\/wp\/v2\/posts\/8837\/revisions\/8841"}],"wp:attachment":[{"href":"https:\/\/www.manologarciaycia.com\/index.php?rest_route=%2Fwp%2Fv2%2Fmedia&parent=8837"}],"wp:term":[{"taxonomy":"category","embeddable":true,"href":"https:\/\/www.manologarciaycia.com\/index.php?rest_route=%2Fwp%2Fv2%2Fcategories&post=8837"},{"taxonomy":"post_tag","embeddable":true,"href":"https:\/\/www.manologarciaycia.com\/index.php?rest_route=%2Fwp%2Fv2%2Ftags&post=8837"}],"curies":[{"name":"wp","href":"https:\/\/api.w.org\/{rel}","templated":true}]}}