{"id":88,"date":"2009-11-06T10:45:41","date_gmt":"2009-11-06T09:45:41","guid":{"rendered":"http:\/\/petaos.net\/?p=88"},"modified":"2009-11-06T16:21:32","modified_gmt":"2009-11-06T15:21:32","slug":"el-1-de-diciembre-reedicion-dos-cajas-especiales-cd-y-vinilo-eudlf","status":"publish","type":"post","link":"https:\/\/www.manologarciaycia.com\/?p=88","title":{"rendered":"El \u00daltimo de la Fila: reedici\u00f3n cajas especiales 1\/12\/09"},"content":{"rendered":"<p>El 1 de diciembre se reeditan en dos cajas especiales (CD y vinilo) los siete \u00e1lbumes remasterizados de El \u00daltimo de la Fila.<\/p>\n<p><img loading=\"lazy\" decoding=\"async\" class=\"alignleft\" title=\"Caja EUDLF\" src=\"http:\/\/www.emimusic.es\/images\/noticias\/1195\/thumb\/portadacaja.jpg\" alt=\"\" width=\"150\" height=\"150\" \/><\/p>\n<p><strong>Los tres primeros \u00e1lbumes de la m\u00edtica banda de Manolo Garc\u00eda y Quimi Portet tambi\u00e9n han sido remezclados y se incluyen en estas ediciones en CD y vinilo, numeradas y limitadas a 2.000 ejemplares.<\/strong><\/p>\n<p>Fue en 1998 cuando El \u00daltimo de la Fila dijo adi\u00f3s. Manolo Garc\u00eda y Quimi Portet hab\u00edan dado juntos todo lo que pod\u00edan y decid\u00edan seguir caminos separados. Desde la aparici\u00f3n de su primer disco en 1985, fueron 13 a\u00f1os en los que la banda catalana public\u00f3 seis \u00e1lbumes de estudio y un disco con nuevas mezclas de sus canciones m\u00e1s emblem\u00e1ticas, que marcaron un antes y un despu\u00e9s en la historia de la m\u00fasica espa\u00f1ola.<\/p>\n<p>El \u00daltimo de la Fila cre\u00f3 un nuevo estilo en el que el pop y el rock se mezclaban con aires sure\u00f1os y letras con una altura literaria indiscutiblemente superior a lo habitual en la m\u00fasica espa\u00f1ola.<\/p>\n<p>El 1 de diciembre de 2009 se publican simult\u00e1neamente dos cajas especiales numeradas y de tirada limitada a 2.000 ejemplares con la obra completa de El \u00daltimo de la Fila: la primera caja es la misma que se edit\u00f3 durante las navidades de 2008, contiene estos siete CD, un DVD y un libro de 120 p\u00e1ginas con abundante material fotogr\u00e1fico de los archivos personales del grupo, y la otra los siete vinilos en formato180 gr. con el dise\u00f1o original. En esta edici\u00f3n est\u00e1n remasterizados sus seis \u00e1lbumes de estudio, con los tres primeros vueltos a mezclar por los ingenieros Neil Dorfsman (<em>Cuando la pobreza entra por la puerta, el amor salta por la ventana<\/em>) y David Tickle (<em>Enemigos de lo ajeno<\/em> y <em>Como la cabeza al sombrero<\/em>). Adem\u00e1s, tambi\u00e9n se edita el disco <em>Nuevas mezclas<\/em> remasterizado.<\/p>\n<p>Los siete discos que ahora se reeditan y que han sido remasterizados y remezclados (los tres primeros) bajo la supervisi\u00f3n de Manolo Garc\u00eda y Quimi Portet, son una parte fundamental de la historia de la m\u00fasica espa\u00f1ola del \u00faltimo medio siglo. Fue en 1985 cuando El \u00daltimo de la Fila public\u00f3 su primer \u00e1lbum <em>Cuando la pobreza entra por la puerta, el amor salta por la ventana<\/em>, con canciones que muy pronto se hicieron populares, como la que da t\u00edtulo al disco, <em>Dulces sue\u00f1os<\/em>, <em>El loco de la calle<\/em> o <em>Querida Milagros<\/em>. En 1986 apareci\u00f3 su segundo disco, <em>Enemigos de lo ajeno<\/em>, que conten\u00eda temas como <em>Las palabras son cansancio<\/em>, <em>Lejos de las leyes de los hombres<\/em>, <em>Mi patria en mis zapatos<\/em>, <em>Aviones plateados<\/em>, <em>Soy un accidente<\/em>, <em>No me acostumbro<\/em> o <em>Insurrecci\u00f3n<\/em>. Con estos dos primeros discos, El \u00daltimo de la Fila subi\u00f3 a lo m\u00e1s alto de la escena espa\u00f1ola, con unas canciones diferentes, con textos comprometidos, metaf\u00f3ricos y surrealistas y un directo pleno de energ\u00eda y arrebato. En 1987 se lanz\u00f3 el disco <em>Nuevas mezclas<\/em>, que conten\u00eda el tema in\u00e9dito <em>\u00bfQui\u00e9n eres t\u00fa?<\/em> junto a lo m\u00e1s significativo de sus dos primeros \u00e1lbumes con nuevos tratamientos.<\/p>\n<p>En 1988 apareci\u00f3 el \u00e1lbum <em>Como la cabeza al sombrero<\/em>, con canciones como <em>Ya no danzo al son de los tambores<\/em>, <em>Sara<\/em>, <em>A veces se enciende<\/em> y <em>Llanto de pasi\u00f3n<\/em>. Su siguiente disco fue <em>Nuevo peque\u00f1o cat\u00e1logo de seres y estares<\/em> (1990) que conten\u00eda temas como <em>Canta por m\u00ed<\/em>, <em>M\u00fasico loco<\/em>, <em>Del templo a la taberna<\/em>. <em>Cuando el mar te tenga<\/em>, <em>En mi pecho<\/em> y <em>Barrio triste<\/em>. Despu\u00e9s lleg\u00f3 <em>Astronom\u00eda razonable<\/em> (1993) con <em>El que canta su mal espanta<\/em>, <em>Hierbas de Asia<\/em>, <em>Como un burro amarrado a la puerta del baile<\/em>, <em>Mar antiguo<\/em>, <em>L\u00e1piz y tinta<\/em> y <em>Cosas que pasan<\/em>. El \u00daltimo de la Fila public\u00f3 su \u00faltimo \u00e1lbum grabado en estudio, <em>La rebeli\u00f3n de los hombres rana<\/em>, en 1995 con una nueva colecci\u00f3n de \u00e9xitos dentro: <em>Sin llaves<\/em>, <em>Pedir tu mano<\/em>, <em>Las hojas que r\u00eden<\/em>, <em>Vestido de hombre rana<\/em>, <em>Bailar\u00e1s como un indio<\/em>&#8230; Siete \u00e1lbumes y un buen n\u00famero de magn\u00edficas canciones que han sido n\u00ba1, que han vendido cientos de miles de discos y que ahora se vuelven a editar remasterizadas y remezcladas. El 1 de diciembre se lanzan en CD y vinilo de 180 gr. en dos cajas especiales numeradas y con tirada limitada a 2.000 ejemplares, como uno de los cap\u00edtulos fundamentales de la historia de la m\u00fasica espa\u00f1ola.<\/p>\n<p>Fuente: Emi Music &#8211; <a href=\"http:\/\/www.emimusic.es\/artistas\/noticias\/1065\/1195\" target=\"_blank\">ENLACE<\/a><\/p>\n","protected":false},"excerpt":{"rendered":"<p>El 1 de diciembre se reeditan en dos cajas especiales (CD y vinilo) los siete \u00e1lbumes remasterizados de El \u00daltimo de la Fila. Los tres primeros \u00e1lbumes de la m\u00edtica banda de Manolo Garc\u00eda y Quimi Portet tambi\u00e9n han sido remezclados y se incluyen en estas ediciones en CD y vinilo, numeradas y limitadas a<a class=\"moretag\" href=\"https:\/\/www.manologarciaycia.com\/?p=88\" title=\"El \u00daltimo de la Fila: reedici\u00f3n cajas especiales 1\/12\/09\" target=\"_self\" rel=\"follow\"> <font face=arial size=2>[Leer m\u00e1s]<\/font> <\/a><\/p>\n","protected":false},"author":2,"featured_media":0,"comment_status":"closed","ping_status":"closed","sticky":false,"template":"","format":"standard","meta":{"footnotes":""},"categories":[3],"tags":[30,19,29,28,16,15,18,31,14,17],"class_list":["post-88","post","type-post","status-publish","format-standard","hentry","category-el-ultimo-de-la-fila","tag-album","tag-caja","tag-cd","tag-especial","tag-eudlf","tag-fila","tag-reedicion","tag-remasterizado","tag-ultimo","tag-vinilo"],"_links":{"self":[{"href":"https:\/\/www.manologarciaycia.com\/index.php?rest_route=\/wp\/v2\/posts\/88","targetHints":{"allow":["GET"]}}],"collection":[{"href":"https:\/\/www.manologarciaycia.com\/index.php?rest_route=\/wp\/v2\/posts"}],"about":[{"href":"https:\/\/www.manologarciaycia.com\/index.php?rest_route=\/wp\/v2\/types\/post"}],"author":[{"embeddable":true,"href":"https:\/\/www.manologarciaycia.com\/index.php?rest_route=\/wp\/v2\/users\/2"}],"replies":[{"embeddable":true,"href":"https:\/\/www.manologarciaycia.com\/index.php?rest_route=%2Fwp%2Fv2%2Fcomments&post=88"}],"version-history":[{"count":9,"href":"https:\/\/www.manologarciaycia.com\/index.php?rest_route=\/wp\/v2\/posts\/88\/revisions"}],"predecessor-version":[{"id":97,"href":"https:\/\/www.manologarciaycia.com\/index.php?rest_route=\/wp\/v2\/posts\/88\/revisions\/97"}],"wp:attachment":[{"href":"https:\/\/www.manologarciaycia.com\/index.php?rest_route=%2Fwp%2Fv2%2Fmedia&parent=88"}],"wp:term":[{"taxonomy":"category","embeddable":true,"href":"https:\/\/www.manologarciaycia.com\/index.php?rest_route=%2Fwp%2Fv2%2Fcategories&post=88"},{"taxonomy":"post_tag","embeddable":true,"href":"https:\/\/www.manologarciaycia.com\/index.php?rest_route=%2Fwp%2Fv2%2Ftags&post=88"}],"curies":[{"name":"wp","href":"https:\/\/api.w.org\/{rel}","templated":true}]}}