{"id":8736,"date":"2014-02-12T20:55:58","date_gmt":"2014-02-12T19:55:58","guid":{"rendered":"http:\/\/www.manologarciaycia.com\/?p=8736"},"modified":"2014-02-12T20:59:08","modified_gmt":"2014-02-12T19:59:08","slug":"dona-5e-a-feder-y-podras-ganar-un-cuadro-de-manolo-garcia","status":"publish","type":"post","link":"https:\/\/www.manologarciaycia.com\/?p=8736","title":{"rendered":"Dona 5\u20ac a FEDER y podr\u00e1s ganar un cuadro de Manolo Garc\u00eda"},"content":{"rendered":"<p><a href=\"http:\/\/www.manologarciaycia.com\/wp-content\/uploads\/2014\/02\/feder-300x124.jpg\"><img loading=\"lazy\" decoding=\"async\" class=\"size-full wp-image-8737 alignleft\" alt=\"feder-300x124\" src=\"http:\/\/www.manologarciaycia.com\/wp-content\/uploads\/2014\/02\/feder-300x124.jpg\" width=\"300\" height=\"124\" \/><\/a>\u00a0Gracias a la solidaridad de diversos famosos (Marc y Pau Gasol, Pedro Almod\u00f3var, Paula Echevarria, Eduard Punset, Antonio Forges, David Bisbal, Manolo Garc\u00eda, Antonio Gala, etc). vamos a sortear un objeto donado y personalizado entre todas aquellas personas que os hag\u00e1is SEMILLA DE ESPERANZA de FEDER. Por cada donaci\u00f3n de cinco euros, podr\u00e9is tener una oportunidad en el sorteo del objeto escogido.<\/p>\n<p><a href=\"http:\/\/www.migranodearena.org\/es\/reto\/3119\/famosos-por-la-esperanza-de-las-enfermedades-raras\/\" target=\"_new\">ENLACE: http:\/\/www.migranodearena.org\/es\/reto\/3119\/famosos-por-la-esperanza-de-las-enfermedades-raras\/<\/a><\/p>\n<p><a href=\"http:\/\/www.manologarciaycia.com\/wp-content\/uploads\/2014\/02\/CuadroManolo.jpg\"><img loading=\"lazy\" decoding=\"async\" class=\"aligncenter size-medium wp-image-8738\" alt=\"CuadroManolo\" src=\"http:\/\/www.manologarciaycia.com\/wp-content\/uploads\/2014\/02\/CuadroManolo-375x500.jpg\" width=\"375\" height=\"500\" srcset=\"https:\/\/www.manologarciaycia.com\/wp-content\/uploads\/2014\/02\/CuadroManolo-375x500.jpg 375w, https:\/\/www.manologarciaycia.com\/wp-content\/uploads\/2014\/02\/CuadroManolo.jpg 720w\" sizes=\"auto, (max-width: 375px) 100vw, 375px\" \/><\/a><\/p>\n","protected":false},"excerpt":{"rendered":"<p>\u00a0Gracias a la solidaridad de diversos famosos (Marc y Pau Gasol, Pedro Almod\u00f3var, Paula Echevarria, Eduard Punset, Antonio Forges, David Bisbal, Manolo Garc\u00eda, Antonio Gala, etc). vamos a sortear un objeto donado y personalizado entre todas aquellas personas que os hag\u00e1is SEMILLA DE ESPERANZA de FEDER. Por cada donaci\u00f3n de cinco euros, podr\u00e9is tener una<a class=\"moretag\" href=\"https:\/\/www.manologarciaycia.com\/?p=8736\" title=\"Dona 5\u20ac a FEDER y podr\u00e1s ganar un cuadro de Manolo Garc\u00eda\" target=\"_self\" rel=\"follow\"> <font face=arial size=2>[Leer m\u00e1s]<\/font> <\/a><\/p>\n","protected":false},"author":2,"featured_media":0,"comment_status":"closed","ping_status":"open","sticky":false,"template":"","format":"standard","meta":{"footnotes":""},"categories":[1],"tags":[],"class_list":["post-8736","post","type-post","status-publish","format-standard","hentry","category-manolo-garcia"],"_links":{"self":[{"href":"https:\/\/www.manologarciaycia.com\/index.php?rest_route=\/wp\/v2\/posts\/8736","targetHints":{"allow":["GET"]}}],"collection":[{"href":"https:\/\/www.manologarciaycia.com\/index.php?rest_route=\/wp\/v2\/posts"}],"about":[{"href":"https:\/\/www.manologarciaycia.com\/index.php?rest_route=\/wp\/v2\/types\/post"}],"author":[{"embeddable":true,"href":"https:\/\/www.manologarciaycia.com\/index.php?rest_route=\/wp\/v2\/users\/2"}],"replies":[{"embeddable":true,"href":"https:\/\/www.manologarciaycia.com\/index.php?rest_route=%2Fwp%2Fv2%2Fcomments&post=8736"}],"version-history":[{"count":2,"href":"https:\/\/www.manologarciaycia.com\/index.php?rest_route=\/wp\/v2\/posts\/8736\/revisions"}],"predecessor-version":[{"id":8740,"href":"https:\/\/www.manologarciaycia.com\/index.php?rest_route=\/wp\/v2\/posts\/8736\/revisions\/8740"}],"wp:attachment":[{"href":"https:\/\/www.manologarciaycia.com\/index.php?rest_route=%2Fwp%2Fv2%2Fmedia&parent=8736"}],"wp:term":[{"taxonomy":"category","embeddable":true,"href":"https:\/\/www.manologarciaycia.com\/index.php?rest_route=%2Fwp%2Fv2%2Fcategories&post=8736"},{"taxonomy":"post_tag","embeddable":true,"href":"https:\/\/www.manologarciaycia.com\/index.php?rest_route=%2Fwp%2Fv2%2Ftags&post=8736"}],"curies":[{"name":"wp","href":"https:\/\/api.w.org\/{rel}","templated":true}]}}