{"id":8467,"date":"2014-01-25T08:24:49","date_gmt":"2014-01-25T07:24:49","guid":{"rendered":"http:\/\/www.manologarciaycia.com\/?p=8467"},"modified":"2014-01-25T10:10:05","modified_gmt":"2014-01-25T09:10:05","slug":"caja-promocional-astronomia-razonable","status":"publish","type":"post","link":"https:\/\/www.manologarciaycia.com\/?p=8467","title":{"rendered":"Caja Promocional Astronom\u00eda Razonable"},"content":{"rendered":"<p>Aqu\u00ed ten\u00e9is unas fotos de una rareza de aut\u00e9ntico coleccionista. Es una Caja Promocional del disco Astronom\u00eda Razonable que se edit\u00f3 de manera limitada durante el lanzamiento del disco, all\u00e1 por 1993. La Caja ven\u00eda con el CD, el Cassette, una carta con un texto, y una foto de Manolo y Quimi.<br \/>\n<a href=\"http:\/\/www.manologarciaycia.com\/wp-content\/uploads\/2014\/01\/Astronomia_Promo_1_Caja.jpg\"><img loading=\"lazy\" decoding=\"async\" src=\"http:\/\/www.manologarciaycia.com\/wp-content\/uploads\/2014\/01\/Astronomia_Promo_1_Caja-500x308.jpg\" alt=\"Astronomia_Promo_1_Caja\" width=\"500\" height=\"308\" class=\"aligncenter size-medium wp-image-8469\" srcset=\"https:\/\/www.manologarciaycia.com\/wp-content\/uploads\/2014\/01\/Astronomia_Promo_1_Caja-500x308.jpg 500w, https:\/\/www.manologarciaycia.com\/wp-content\/uploads\/2014\/01\/Astronomia_Promo_1_Caja.jpg 810w\" sizes=\"auto, (max-width: 500px) 100vw, 500px\" \/><\/a><br \/>\n<u><b>Astronom\u00eda Razonable &#8211; El \u00faltimo de la fila<\/b><\/u><br \/>\n<i>\u00abCon su \u00faltimo disco, este grup\u00fasculo musical de allende los mares ha demostrado pundonor, br\u00edo, tembleque, casta, donaire y poder\u00edo; biso\u00f1ez, don de gentes, talante, temple y brav\u00edo; empaque , se\u00f1or\u00edo, antonomasia, log\u00edstica, tropel y tron\u00edo. Ante la evidencia de que \u00abAstronom\u00eda razonable\u00bb no incurre en delitos tipificados en nuestros c\u00f3digos como traici\u00f3n, espionaje, sedici\u00f3n, negligencia en acto de servicio, destrucci\u00f3n de comunicaciones, secuestro, robo en cuadrilla, adulteraci\u00f3n de v\u00edveres y otros, que comprometan la seguridad de esta plaza, lo recomiendo fervorosamente a la tropa en general, y en particular a los oficiales de las distintas clases\u00bb<br \/>\nEusebio L\u00f3pez-Bamb\u00fa, sub-brigada de cocina y cr\u00edtico musical de la revista \u00abEstirpe\u00bb, editada en el acuartelamiento de Micifuz (Curuc\u00fa- Pernambuco)<\/i><br \/>\n<center>Pincha en las im\u00e1genes para verlas a tama\u00f1o completo. Gracias Patri: <div id='gallery-1' class='gallery galleryid-8467 gallery-columns-4 gallery-size-thumbnail'><dl class='gallery-item'>\n\t\t\t<dt class='gallery-icon landscape'>\n\t\t\t\t<a class='swipebox' href='https:\/\/www.manologarciaycia.com\/?attachment_id=8469'><img loading=\"lazy\" decoding=\"async\" width=\"150\" height=\"150\" src=\"https:\/\/www.manologarciaycia.com\/wp-content\/uploads\/2014\/01\/Astronomia_Promo_1_Caja-150x150.jpg\" class=\"attachment-thumbnail size-thumbnail\" alt=\"\" srcset=\"https:\/\/www.manologarciaycia.com\/wp-content\/uploads\/2014\/01\/Astronomia_Promo_1_Caja-150x150.jpg 150w, https:\/\/www.manologarciaycia.com\/wp-content\/uploads\/2014\/01\/Astronomia_Promo_1_Caja-160x160.jpg 160w\" sizes=\"auto, (max-width: 150px) 100vw, 150px\" \/><\/a>\n\t\t\t<\/dt><\/dl><dl class='gallery-item'>\n\t\t\t<dt class='gallery-icon portrait'>\n\t\t\t\t<a class='swipebox' href='https:\/\/www.manologarciaycia.com\/?attachment_id=8470'><img loading=\"lazy\" decoding=\"async\" width=\"150\" height=\"150\" src=\"https:\/\/www.manologarciaycia.com\/wp-content\/uploads\/2014\/01\/Astronomia_Promo_2_Carta-150x150.jpg\" class=\"attachment-thumbnail size-thumbnail\" alt=\"\" srcset=\"https:\/\/www.manologarciaycia.com\/wp-content\/uploads\/2014\/01\/Astronomia_Promo_2_Carta-150x150.jpg 150w, https:\/\/www.manologarciaycia.com\/wp-content\/uploads\/2014\/01\/Astronomia_Promo_2_Carta-160x160.jpg 160w\" sizes=\"auto, (max-width: 150px) 100vw, 150px\" \/><\/a>\n\t\t\t<\/dt><\/dl><dl class='gallery-item'>\n\t\t\t<dt class='gallery-icon landscape'>\n\t\t\t\t<a class='swipebox' href='https:\/\/www.manologarciaycia.com\/?attachment_id=8471'><img loading=\"lazy\" decoding=\"async\" width=\"150\" height=\"150\" src=\"https:\/\/www.manologarciaycia.com\/wp-content\/uploads\/2014\/01\/Astronomia_Promo_3_Foto-150x150.jpg\" class=\"attachment-thumbnail size-thumbnail\" alt=\"\" srcset=\"https:\/\/www.manologarciaycia.com\/wp-content\/uploads\/2014\/01\/Astronomia_Promo_3_Foto-150x150.jpg 150w, https:\/\/www.manologarciaycia.com\/wp-content\/uploads\/2014\/01\/Astronomia_Promo_3_Foto-160x160.jpg 160w\" sizes=\"auto, (max-width: 150px) 100vw, 150px\" \/><\/a>\n\t\t\t<\/dt><\/dl><dl class='gallery-item'>\n\t\t\t<dt class='gallery-icon landscape'>\n\t\t\t\t<a class='swipebox' href='https:\/\/www.manologarciaycia.com\/?attachment_id=8472'><img loading=\"lazy\" decoding=\"async\" width=\"150\" height=\"150\" src=\"https:\/\/www.manologarciaycia.com\/wp-content\/uploads\/2014\/01\/Astronomia_Promo_4_Contenido-150x150.jpg\" class=\"attachment-thumbnail size-thumbnail\" alt=\"\" srcset=\"https:\/\/www.manologarciaycia.com\/wp-content\/uploads\/2014\/01\/Astronomia_Promo_4_Contenido-150x150.jpg 150w, https:\/\/www.manologarciaycia.com\/wp-content\/uploads\/2014\/01\/Astronomia_Promo_4_Contenido-160x160.jpg 160w\" sizes=\"auto, (max-width: 150px) 100vw, 150px\" \/><\/a>\n\t\t\t<\/dt><\/dl><br style=\"clear: both\" \/>\n\t\t<\/div>\n<\/center><\/p>\n","protected":false},"excerpt":{"rendered":"<p>Aqu\u00ed ten\u00e9is unas fotos de una rareza de aut\u00e9ntico coleccionista. Es una Caja Promocional del disco Astronom\u00eda Razonable que se edit\u00f3 de manera limitada durante el lanzamiento del disco, all\u00e1 por 1993. La Caja ven\u00eda con el CD, el Cassette, una carta con un texto, y una foto de Manolo y Quimi. Astronom\u00eda Razonable &#8211;<a class=\"moretag\" href=\"https:\/\/www.manologarciaycia.com\/?p=8467\" title=\"Caja Promocional Astronom\u00eda Razonable\" target=\"_self\" rel=\"follow\"> <font face=arial size=2>[Leer m\u00e1s]<\/font> <\/a><\/p>\n","protected":false},"author":2,"featured_media":0,"comment_status":"closed","ping_status":"open","sticky":false,"template":"","format":"standard","meta":{"footnotes":""},"categories":[3,1,9],"tags":[],"class_list":["post-8467","post","type-post","status-publish","format-standard","hentry","category-el-ultimo-de-la-fila","category-manolo-garcia","category-qumi-portet"],"_links":{"self":[{"href":"https:\/\/www.manologarciaycia.com\/index.php?rest_route=\/wp\/v2\/posts\/8467","targetHints":{"allow":["GET"]}}],"collection":[{"href":"https:\/\/www.manologarciaycia.com\/index.php?rest_route=\/wp\/v2\/posts"}],"about":[{"href":"https:\/\/www.manologarciaycia.com\/index.php?rest_route=\/wp\/v2\/types\/post"}],"author":[{"embeddable":true,"href":"https:\/\/www.manologarciaycia.com\/index.php?rest_route=\/wp\/v2\/users\/2"}],"replies":[{"embeddable":true,"href":"https:\/\/www.manologarciaycia.com\/index.php?rest_route=%2Fwp%2Fv2%2Fcomments&post=8467"}],"version-history":[{"count":8,"href":"https:\/\/www.manologarciaycia.com\/index.php?rest_route=\/wp\/v2\/posts\/8467\/revisions"}],"predecessor-version":[{"id":8480,"href":"https:\/\/www.manologarciaycia.com\/index.php?rest_route=\/wp\/v2\/posts\/8467\/revisions\/8480"}],"wp:attachment":[{"href":"https:\/\/www.manologarciaycia.com\/index.php?rest_route=%2Fwp%2Fv2%2Fmedia&parent=8467"}],"wp:term":[{"taxonomy":"category","embeddable":true,"href":"https:\/\/www.manologarciaycia.com\/index.php?rest_route=%2Fwp%2Fv2%2Fcategories&post=8467"},{"taxonomy":"post_tag","embeddable":true,"href":"https:\/\/www.manologarciaycia.com\/index.php?rest_route=%2Fwp%2Fv2%2Ftags&post=8467"}],"curies":[{"name":"wp","href":"https:\/\/api.w.org\/{rel}","templated":true}]}}