{"id":812,"date":"2010-09-27T09:03:06","date_gmt":"2010-09-27T08:03:06","guid":{"rendered":"http:\/\/petaos.net\/?p=812"},"modified":"2010-09-27T09:05:34","modified_gmt":"2010-09-27T08:05:34","slug":"mg-canciones-sin-tiempo","status":"publish","type":"post","link":"https:\/\/www.manologarciaycia.com\/?p=812","title":{"rendered":"MG: Canciones sin tiempo"},"content":{"rendered":"<p><img loading=\"lazy\" decoding=\"async\" class=\"aligncenter\" src=\"http:\/\/www.eldia.com.ar\/edis\/20100924\/fotos_g\/manga.jpg\" alt=\"\" width=\"600\" height=\"329\" \/><\/p>\n<p>Ex l\u00edder de los indispensables El Ultimo de La Fila, y due\u00f1o de una  trayectoria solista que entreg\u00f3 discos tan personales como exuberantes,  el cantautor espa\u00f1ol Manolo Garc\u00eda visitar\u00e1 la Argentina en noviembre  para dar a conocer \u00abDe mares y visiones. Canciones de una d\u00e9cada\u00bb, el  recopilatorio que tiene el objetivo de dar a conocer su obra en Am\u00e9rica  Latina.<\/p>\n<p>El disco, editado en el pa\u00eds por el sello Sony, contiene  dieciocho canciones que abarcan sus doce a\u00f1os de carrera en solitario.  Entre ellas, \u00abhimnos\u00bb como \u00abCarb\u00f3n y ramas secas\u00bb, \u00abP\u00e1jaros de barro\u00bb,  \u00abSomos levedad\u00bb, \u00abComo quien da un refresco\u00bb, \u00abRosa de Alejandr\u00eda\u00bb y  \u00abUna tarde de sol\u00bb.<\/p>\n<p>\u00abMis conciertos suelen ser largos&#8230; Yo me entusiasmo mucho\u00bb,  adelanta Garc\u00eda, antes de internarse en un repaso de su trayectoria. \u00abMi  paso por Los Burros y El Ultimo de la Fila me aport\u00f3 un camino de  aprendizaje\u00bb relata: \u00absiempre, cadaexperiencia te aporta conocimientos y  vas creciendo con el paso de las producciones y de los discos. Este  \u00e1lbum es el n\u00famero diecisiete en formato CD de toda mi carrera. La  espina dorsal de mi trabajo es el rock; yo crec\u00ed escuchando a Jimmy  Hendrix, Bob Dylan, Led Zeppelin, Janis Joplin y esa m\u00fasica es muy  recia, fuerte y vigente\u00bb.<\/p>\n<p>\u00abLa compilaci\u00f3n surgi\u00f3 por diferentes  cuestiones\u00bb explica el cantante: \u00aben Argentina, Venezuela, M\u00e9xico, Per\u00fa y  otros pa\u00edses de Latinoam\u00e9rica no est\u00e1n publicados mis discos. Quiz\u00e1s  con este recopilatorio la gente pueda hacerse una idea de mi trabajo y  tener un disco f\u00edsico al que acceder. Por otra parte, decid\u00ed y le ped\u00ed a  la disquera que no la pusieran a la venta en Espa\u00f1a porque no hay  ning\u00fan tema in\u00e9dito. Yo intento mantener una \u00e9tica y un camino dentro de  mi forma de ver el negocio musical y si no hay canciones nuevas no  quiero que nadie compre el disco pensando que s\u00ed las hay\u00bb.<\/p>\n<p>Con  respecto al show que dar\u00e1 en La Trastienda Club el 3 de noviembre,  aclara que \u00abmi pretensi\u00f3n es tocar los temas del disco; mis conciertos  en general suelen ser largos, y si en este caso son dieciocho temas,  siempre suelo tocar m\u00e1s. A veces mis compa\u00f1eros de banda me dicen &#8216;est\u00e1s  loco, \u00a1c\u00f3mo te gusta tanto!&#8217;&#8230; Pero yo me entusiasmo y creo que no es  ning\u00fan pecado, eleg\u00ed este oficio por vocaci\u00f3n desde chico. Cada d\u00eda hay  que dejarse la piel pero porque te gusta no porque nadie te obligue\u00bb.<\/p>\n<p>\u00abDe mares y visiones\u00bb viene acompa\u00f1ado por un libro con escritos y  dibujos. Garc\u00eda se\u00f1ala que \u00abhay un poco una mezcla de dibujos, fotos y  grafismos que yo ya ten\u00eda en mis cuatro \u00e1lbumes anteriores. Mis discos  en solitario, despu\u00e9s de la separaci\u00f3n de El Ultimo de La Fila,  corresponden a doce a\u00f1os. Trabaj\u00e9 muy lentamente, pero pretend\u00ed hacerlo  bien para tener mejores resultados. Nunca me interes\u00f3 correr ni hacer  discos por hacer. Cada canci\u00f3n, cada grafismo est\u00e1 medido, y todo lo que  hay en ese libro, proviene de esos discos. Hay cosas de hace tres,  cuatro, cinco a\u00f1os. En octubre voy a ir a Nueva York, porque estoy  viendo de trabajar con alg\u00fan ingeniero de all\u00e1, pero ya empec\u00e9 a grabar  canciones nuevas. Tengo quince que empec\u00e9 como en broma y son demos que  me encantan porque est\u00e1n tocados con mucha fuerza. Pretendo lanzar los  temas el a\u00f1o que viene pero la idea es que yo decida en qu\u00e9 momento  saldr\u00e1 el disco, es decir, cuando yo est\u00e9 cien por ciento satisfecho con  las canciones\u00bb.<\/p>\n<p>La comunicaci\u00f3n directa con el p\u00fablico, incluso  v\u00eda Internet, es considerada \u00abcrucial\u00bb por el artista. \u00abEs vital; es la  \u00fanica forma de que mi mensaje no se desvirt\u00fae. Intento ser el due\u00f1o de  mi trabajo art\u00edstico; produzco mis discos, elijo el grafismo, el tipo de  letra y hasta decido no salir en la portada porque lo importante no soy  yo sino las canciones. Yo decido todo sobre mi propuesta musical. Yo  cuando pinto, por ejemplo, no concibo que alguien venga a mi lienzo y  cambie algo. El disco puede gustar o no, pero es m\u00edo. Finalmente para  bien y para mal intento ser el responsable\u00bb.<\/p>\n<p>Fuente: El D\u00eda (Argentina) &#8211; <a href=\"http:\/\/www.eldia.com.ar\/edis\/20100924\/joven21.htm\" target=\"_blank\">ENLACE<\/a><\/p>\n","protected":false},"excerpt":{"rendered":"<p>Ex l\u00edder de los indispensables El Ultimo de La Fila, y due\u00f1o de una trayectoria solista que entreg\u00f3 discos tan personales como exuberantes, el cantautor espa\u00f1ol Manolo Garc\u00eda visitar\u00e1 la Argentina en noviembre para dar a conocer \u00abDe mares y visiones. Canciones de una d\u00e9cada\u00bb, el recopilatorio que tiene el objetivo de dar a conocer<a class=\"moretag\" href=\"https:\/\/www.manologarciaycia.com\/?p=812\" title=\"MG: Canciones sin tiempo\" target=\"_self\" rel=\"follow\"> <font face=arial size=2>[Leer m\u00e1s]<\/font> <\/a><\/p>\n","protected":false},"author":2,"featured_media":0,"comment_status":"closed","ping_status":"closed","sticky":false,"template":"","format":"standard","meta":{"footnotes":""},"categories":[1],"tags":[142],"class_list":["post-812","post","type-post","status-publish","format-standard","hentry","category-manolo-garcia","tag-manolo-garcia-entrevista-argentina-nuevo-disco-mares-visiones"],"_links":{"self":[{"href":"https:\/\/www.manologarciaycia.com\/index.php?rest_route=\/wp\/v2\/posts\/812","targetHints":{"allow":["GET"]}}],"collection":[{"href":"https:\/\/www.manologarciaycia.com\/index.php?rest_route=\/wp\/v2\/posts"}],"about":[{"href":"https:\/\/www.manologarciaycia.com\/index.php?rest_route=\/wp\/v2\/types\/post"}],"author":[{"embeddable":true,"href":"https:\/\/www.manologarciaycia.com\/index.php?rest_route=\/wp\/v2\/users\/2"}],"replies":[{"embeddable":true,"href":"https:\/\/www.manologarciaycia.com\/index.php?rest_route=%2Fwp%2Fv2%2Fcomments&post=812"}],"version-history":[{"count":3,"href":"https:\/\/www.manologarciaycia.com\/index.php?rest_route=\/wp\/v2\/posts\/812\/revisions"}],"predecessor-version":[{"id":815,"href":"https:\/\/www.manologarciaycia.com\/index.php?rest_route=\/wp\/v2\/posts\/812\/revisions\/815"}],"wp:attachment":[{"href":"https:\/\/www.manologarciaycia.com\/index.php?rest_route=%2Fwp%2Fv2%2Fmedia&parent=812"}],"wp:term":[{"taxonomy":"category","embeddable":true,"href":"https:\/\/www.manologarciaycia.com\/index.php?rest_route=%2Fwp%2Fv2%2Fcategories&post=812"},{"taxonomy":"post_tag","embeddable":true,"href":"https:\/\/www.manologarciaycia.com\/index.php?rest_route=%2Fwp%2Fv2%2Ftags&post=812"}],"curies":[{"name":"wp","href":"https:\/\/api.w.org\/{rel}","templated":true}]}}