{"id":806,"date":"2010-09-24T07:32:02","date_gmt":"2010-09-24T06:32:02","guid":{"rendered":"http:\/\/petaos.net\/?p=806"},"modified":"2010-09-24T09:36:43","modified_gmt":"2010-09-24T08:36:43","slug":"mg-siempre-intento-ser-el-dueno-de-mi-trabajo-artistico","status":"publish","type":"post","link":"https:\/\/www.manologarciaycia.com\/?p=806","title":{"rendered":"MG: \u00abSiempre intento ser el due\u00f1o de mi trabajo artistico\u00bb"},"content":{"rendered":"<p>Buenos Aires, 23 de septiembre (Reporter, por Judith G\u00f3mez Machado). El cantante espa\u00f1ol Manolo Garc\u00eda visitar\u00e1 la Argentina en noviembre para presentar \u00abDe mares y visiones. Canciones de una d\u00e9cada\u00bb, un recopilatorio que tiene el objetivo de dar a conocer su obra en Am\u00e9rica Latina. \u00abMis conciertos suelen ser largos. Yo me entusiasmo mucho\u00bb, adelant\u00f3 Garc\u00eda respecto a la fecha del 3 de noviembre en La Trastienda Club.<\/p>\n<p>El disco -que edit\u00f3 en el pa\u00eds Sony Music- contiene dieciocho canciones que abarcan sus doce a\u00f1os de carrera en solitario desde 1998. Entre ellas se destacan las m\u00edticas \u00abCarb\u00f3n y ramas secas\u00bb, \u00abP\u00e1jaros de barro\u00bb, \u00abComo quien da un refresco\u00bb, \u00abRosa de Alejandr\u00eda\u00bb y \u00abUna tarde de sol\u00bb.<\/p>\n<p>Durante un breve paso por el pa\u00eds, Garc\u00eda habl\u00f3 con Reporter sobre la importancia de este lanzamiento, la presentaci\u00f3nen vivo del CD y su \u00e9tica trabajo a lo largo de los a\u00f1os.<\/p>\n<p>+ \u00bfQue le aport\u00f3 a su carrera como solista el paso por Los Burros y El \u00faltimo de la fila?<\/p>\n<p>Le aport\u00f3 un camino de aprendizaje. Siempre cada experiencia te aporta conocimientos y vas creciendo con el paso de las producciones y de los discos. Este \u00e1lbum es el n\u00famero diecisiete en formato CD de toda mi carrera. La espina dorsal de mi trabajo es el rock; yo crec\u00ed escuchando a Jimmy Hendrix, Bob Dylan, Led Zeppelin, Janis Joplin y esa m\u00fasica es muy recia, fuerte y vigente.<\/p>\n<p>+ \u00bfC\u00f3mo surgi\u00f3 la idea de hacer este compilatorio?<\/p>\n<p>Por diferentes cuestiones; en Argentina, Venezuela, M\u00e9xico, Per\u00fa y otros pa\u00edses de Latinoam\u00e9rica no est\u00e1n publicados mis discos. Quiz\u00e1s con este recopilatorio la gente pueda hacerse una idea de mi trabajo y tener un disco f\u00edsico al que acceder.<\/p>\n<p>+ Esta edici\u00f3n s\u00f3lo est\u00e1 disponible en Am\u00e9rica Latina, \u00bfpor qu\u00e9 decidi\u00f3 no lanzarla en Espa\u00f1a?<\/p>\n<p>Yo decid\u00ed y le ped\u00ed a la disquera que no lo pusieran a la venta en Espa\u00f1a porque no hab\u00eda ning\u00fan tema in\u00e9dito. Yo intento mantener una \u00e9tica y un camino dentro de mi forma de ver el negocio musical y si no hay canciones nuevas no quiero que nadie compre el disco pensando que s\u00ed las hay.<\/p>\n<p>+ \u00bfQu\u00e9 puede adelantar del show en La Trastienda Club el pr\u00f3ximo 3 de noviembre?<\/p>\n<p>Mi pretensi\u00f3n es tocar los temas del CD; mis conciertos en general suelen ser largos y si en este caso son dieciocho temas, siempre suelo tocar m\u00e1s. A veces mis compa\u00f1eros de banda me dicen \u00abest\u00e1s loco, \u00a1c\u00f3mo te gusta tanto!\u00bb. Yo me entusiasmo y creo que no es ning\u00fan pecado, eleg\u00ed este oficio por vocaci\u00f3n desde chico. Cada d\u00eda hay que dejarse la piel pero porque te gusta no porque nadie te obligue.<\/p>\n<p>+ \u00abDe mares y visiones\u00bb viene acompa\u00f1ado por un libro con escritos y dibujos, \u00bfcorresponden a trabajos recientes o bien a sus discos anteriores?<\/p>\n<p>Es un poco una mezcla de dibujos, fotos y grafismos que yo ya ten\u00eda en mis cuatro \u00e1lbumes anteriores. Mis discos en solitario, despu\u00e9s de la separaci\u00f3n de El \u00faltimo de la fila corresponden a doce a\u00f1os. Trabaj\u00e9 muy lentamente, pero pretend\u00ed hacerlo bien para tener mejores resultados. Nunca me interes\u00f3 correr ni hacer discos por hacer. Cada canci\u00f3n, cada grafismo est\u00e1 medido, y todo lo que hay en ese libro, proviene de esos discos. Hay cosas de hace tres, cuatro, cinco a\u00f1os.<\/p>\n<p>+ \u00bfTiene planes de grabar nuevas canciones?<\/p>\n<p>Voy a ir a Nueva York en octubre porque estoy viendo de trabajar con alg\u00fan ingeniero de all\u00e1; aunque en realidad ya empec\u00e9 a grabar canciones nuevas. Tengo quince que empec\u00e9 como en broma y son demos que me encantan porque est\u00e1n tocados con mucha fuerza. Pretendo lanzar los temas el a\u00f1o que viene pero la idea es que yo decida en qu\u00e9 momento saldr\u00e1 el disco, es decir, cuando yo est\u00e9 cien por ciento satisfecho con las canciones.<\/p>\n<p>+ En tu sitio web mantiene un di\u00e1logo muy fluido con sus fans, \u00bfqu\u00e9 tan importante considera que es la comunicaci\u00f3n con las personas que escuchan su m\u00fasica?<\/p>\n<p>Vital. Es la \u00fanica forma de que mi mensaje no se desvirt\u00fae. Intento ser el due\u00f1o de mi trabajo art\u00edstico; produzco mis discos, elijo el grafismo, el tipo de letra y hasta decido no salir en la portada porque lo importante no soy yo sino las canciones. Yo decido todo sobre mi propuesta musical. Yo cuando pinto, por ejemplo, no concibo que alguien venga a mi lienzo y cambie algo. El disco puede gustar o no, pero es m\u00edo. Finalmente para bien y para mal intento ser el responsable. (Reporter)<\/p>\n<p>Fuente: Yahoo Noticias &#8211; JGM-LL<\/p>\n","protected":false},"excerpt":{"rendered":"<p>Buenos Aires, 23 de septiembre (Reporter, por Judith G\u00f3mez Machado). El cantante espa\u00f1ol Manolo Garc\u00eda visitar\u00e1 la Argentina en noviembre para presentar \u00abDe mares y visiones. Canciones de una d\u00e9cada\u00bb, un recopilatorio que tiene el objetivo de dar a conocer su obra en Am\u00e9rica Latina. \u00abMis conciertos suelen ser largos. Yo me entusiasmo mucho\u00bb, adelant\u00f3<a class=\"moretag\" href=\"https:\/\/www.manologarciaycia.com\/?p=806\" title=\"MG: \u00abSiempre intento ser el due\u00f1o de mi trabajo artistico\u00bb\" target=\"_self\" rel=\"follow\"> <font face=arial size=2>[Leer m\u00e1s]<\/font> <\/a><\/p>\n","protected":false},"author":2,"featured_media":0,"comment_status":"closed","ping_status":"closed","sticky":false,"template":"","format":"standard","meta":{"footnotes":""},"categories":[1],"tags":[141],"class_list":["post-806","post","type-post","status-publish","format-standard","hentry","category-manolo-garcia","tag-manolo-garcia-entrevista-argentina"],"_links":{"self":[{"href":"https:\/\/www.manologarciaycia.com\/index.php?rest_route=\/wp\/v2\/posts\/806","targetHints":{"allow":["GET"]}}],"collection":[{"href":"https:\/\/www.manologarciaycia.com\/index.php?rest_route=\/wp\/v2\/posts"}],"about":[{"href":"https:\/\/www.manologarciaycia.com\/index.php?rest_route=\/wp\/v2\/types\/post"}],"author":[{"embeddable":true,"href":"https:\/\/www.manologarciaycia.com\/index.php?rest_route=\/wp\/v2\/users\/2"}],"replies":[{"embeddable":true,"href":"https:\/\/www.manologarciaycia.com\/index.php?rest_route=%2Fwp%2Fv2%2Fcomments&post=806"}],"version-history":[{"count":5,"href":"https:\/\/www.manologarciaycia.com\/index.php?rest_route=\/wp\/v2\/posts\/806\/revisions"}],"predecessor-version":[{"id":811,"href":"https:\/\/www.manologarciaycia.com\/index.php?rest_route=\/wp\/v2\/posts\/806\/revisions\/811"}],"wp:attachment":[{"href":"https:\/\/www.manologarciaycia.com\/index.php?rest_route=%2Fwp%2Fv2%2Fmedia&parent=806"}],"wp:term":[{"taxonomy":"category","embeddable":true,"href":"https:\/\/www.manologarciaycia.com\/index.php?rest_route=%2Fwp%2Fv2%2Fcategories&post=806"},{"taxonomy":"post_tag","embeddable":true,"href":"https:\/\/www.manologarciaycia.com\/index.php?rest_route=%2Fwp%2Fv2%2Ftags&post=806"}],"curies":[{"name":"wp","href":"https:\/\/api.w.org\/{rel}","templated":true}]}}