{"id":801,"date":"2010-09-23T07:58:45","date_gmt":"2010-09-23T06:58:45","guid":{"rendered":"http:\/\/petaos.net\/?p=801"},"modified":"2010-09-23T07:59:35","modified_gmt":"2010-09-23T06:59:35","slug":"mg-fotos-y-video-de-manolo-garcia-en-granada-con-miguel-rios","status":"publish","type":"post","link":"https:\/\/www.manologarciaycia.com\/?p=801","title":{"rendered":"MG: Fotos y V\u00eddeo de Manolo Garc\u00eda en Granada con Miguel R\u00edos"},"content":{"rendered":"<p>Laura Huertas nos env\u00eda estas fotos y este v\u00eddeo de la actuaci\u00f3n de Manolo Garc\u00eda en el concierto de Granada de Miguel R\u00edos del pasado s\u00e1bado. Gracias!<\/p>\n<p style=\"text-align: center;\"><object classid=\"clsid:d27cdb6e-ae6d-11cf-96b8-444553540000\" width=\"480\" height=\"385\" codebase=\"http:\/\/download.macromedia.com\/pub\/shockwave\/cabs\/flash\/swflash.cab#version=6,0,40,0\"><param name=\"allowFullScreen\" value=\"true\" \/><param name=\"allowscriptaccess\" value=\"always\" \/><param name=\"src\" value=\"http:\/\/www.youtube.com\/v\/vfqp8_NaHW8?fs=1&amp;hl=es_ES\" \/><param name=\"allowfullscreen\" value=\"true\" \/><embed type=\"application\/x-shockwave-flash\" width=\"480\" height=\"385\" src=\"http:\/\/www.youtube.com\/v\/vfqp8_NaHW8?fs=1&amp;hl=es_ES\" allowscriptaccess=\"always\" allowfullscreen=\"true\"><\/embed><\/object><\/p>\n<p style=\"text-align: center;\">\n<p style=\"text-align: center;\">\n<p style=\"text-align: center;\"><img loading=\"lazy\" decoding=\"async\" class=\"aligncenter size-medium wp-image-802\" title=\"Manolo Granada\" src=\"http:\/\/petaos.net\/wp-content\/uploads\/2010\/09\/Manolo_Granada_1-224x300.jpg\" alt=\"Manolo Granada\" width=\"224\" height=\"300\" srcset=\"https:\/\/www.manologarciaycia.com\/wp-content\/uploads\/2010\/09\/Manolo_Granada_1-224x300.jpg 224w, https:\/\/www.manologarciaycia.com\/wp-content\/uploads\/2010\/09\/Manolo_Granada_1-767x1024.jpg 767w, https:\/\/www.manologarciaycia.com\/wp-content\/uploads\/2010\/09\/Manolo_Granada_1.jpg 800w\" sizes=\"auto, (max-width: 224px) 100vw, 224px\" \/><\/p>\n<p style=\"text-align: center;\"><img loading=\"lazy\" decoding=\"async\" class=\"aligncenter size-full wp-image-803\" title=\"Manolo Granada 2\" src=\"http:\/\/petaos.net\/wp-content\/uploads\/2010\/09\/Manolo_Granada_2.jpg\" alt=\"Manolo Granada 2\" width=\"508\" height=\"600\" srcset=\"https:\/\/www.manologarciaycia.com\/wp-content\/uploads\/2010\/09\/Manolo_Granada_2.jpg 508w, https:\/\/www.manologarciaycia.com\/wp-content\/uploads\/2010\/09\/Manolo_Granada_2-254x300.jpg 254w\" sizes=\"auto, (max-width: 508px) 100vw, 508px\" \/><\/p>\n","protected":false},"excerpt":{"rendered":"<p>Laura Huertas nos env\u00eda estas fotos y este v\u00eddeo de la actuaci\u00f3n de Manolo Garc\u00eda en el concierto de Granada de Miguel R\u00edos del pasado s\u00e1bado. Gracias!<a class=\"moretag\" href=\"https:\/\/www.manologarciaycia.com\/?p=801\" title=\"MG: Fotos y V\u00eddeo de Manolo Garc\u00eda en Granada con Miguel R\u00edos\" target=\"_self\" rel=\"follow\"> <font face=arial size=2>[Leer m\u00e1s]<\/font> <\/a><\/p>\n","protected":false},"author":2,"featured_media":0,"comment_status":"closed","ping_status":"closed","sticky":false,"template":"","format":"standard","meta":{"footnotes":""},"categories":[1,23],"tags":[],"class_list":["post-801","post","type-post","status-publish","format-standard","hentry","category-manolo-garcia","category-otros"],"_links":{"self":[{"href":"https:\/\/www.manologarciaycia.com\/index.php?rest_route=\/wp\/v2\/posts\/801","targetHints":{"allow":["GET"]}}],"collection":[{"href":"https:\/\/www.manologarciaycia.com\/index.php?rest_route=\/wp\/v2\/posts"}],"about":[{"href":"https:\/\/www.manologarciaycia.com\/index.php?rest_route=\/wp\/v2\/types\/post"}],"author":[{"embeddable":true,"href":"https:\/\/www.manologarciaycia.com\/index.php?rest_route=\/wp\/v2\/users\/2"}],"replies":[{"embeddable":true,"href":"https:\/\/www.manologarciaycia.com\/index.php?rest_route=%2Fwp%2Fv2%2Fcomments&post=801"}],"version-history":[{"count":2,"href":"https:\/\/www.manologarciaycia.com\/index.php?rest_route=\/wp\/v2\/posts\/801\/revisions"}],"predecessor-version":[{"id":805,"href":"https:\/\/www.manologarciaycia.com\/index.php?rest_route=\/wp\/v2\/posts\/801\/revisions\/805"}],"wp:attachment":[{"href":"https:\/\/www.manologarciaycia.com\/index.php?rest_route=%2Fwp%2Fv2%2Fmedia&parent=801"}],"wp:term":[{"taxonomy":"category","embeddable":true,"href":"https:\/\/www.manologarciaycia.com\/index.php?rest_route=%2Fwp%2Fv2%2Fcategories&post=801"},{"taxonomy":"post_tag","embeddable":true,"href":"https:\/\/www.manologarciaycia.com\/index.php?rest_route=%2Fwp%2Fv2%2Ftags&post=801"}],"curies":[{"name":"wp","href":"https:\/\/api.w.org\/{rel}","templated":true}]}}