{"id":7967,"date":"2013-12-11T11:57:07","date_gmt":"2013-12-11T10:57:07","guid":{"rendered":"http:\/\/www.manologarciaycia.com\/?p=7967"},"modified":"2013-12-16T14:15:52","modified_gmt":"2013-12-16T13:15:52","slug":"mg-entrevista-en-els-matins-de-cat-radio","status":"publish","type":"post","link":"https:\/\/www.manologarciaycia.com\/?p=7967","title":{"rendered":"MG: Entrevista en Els Matins de Cat Radio"},"content":{"rendered":"<p><a class=\"lightbox\" href=\"http:\/\/www.manologarciaycia.com\/wp-content\/uploads\/2013\/12\/1386757993968.jpg\"  class='lightbox'><img loading=\"lazy\" decoding=\"async\" class=\"alignright size-thumbnail wp-image-7968\" alt=\"1386757993968\" src=\"http:\/\/www.manologarciaycia.com\/wp-content\/uploads\/2013\/12\/1386757993968-150x149.jpg\" width=\"150\" height=\"149\" \/><\/a>Ha interpretado \u00abUn a\u00f1o y otro a\u00f1o\u00bb en directo. Han hablado de m\u00fasica, de su futuro trabajo, del que ya tiene algunos temas listos. Y han compartido una conversaci\u00f3n sobre el momento en el que vive el pa\u00eds y la fortaleza de la sociedad.<\/p>\n<p><object id=\"SRP777309IE\" width=\"307\" height=\"143\" classid=\"clsid:d27cdb6e-ae6d-11cf-96b8-444553540000\" codebase=\"http:\/\/download.macromedia.com\/pub\/shockwave\/cabs\/flash\/swflash.cab#version=6,0,40,0\" align=\"middle\" bgcolor=\"#ffffff\"><param name=\"allowScriptAccess\" value=\"always\" \/><param name=\"quality\" value=\"high\" \/><param name=\"swliveconnect\" value=\"true\" \/><param name=\"menu\" value=\"false\" \/><param name=\"wmode\" value=\"transparent\" \/><param name=\"flashvars\" value=\"item=777309&amp;skin=http:\/\/www.catradio.cat\/flash\/skin_srp_cr_embed.swf&amp;text=2&amp;autoPlay=false\" \/><param name=\"src\" value=\"http:\/\/www.catradio.cat\/flash\/srp.swf\" \/><param name=\"pluginspage\" value=\"http:\/\/www.macromedia.com\/go\/getflashplayer\" \/><param name=\"allowscriptaccess\" value=\"always\" \/><embed id=\"SRP777309IE\" width=\"307\" height=\"143\" type=\"application\/x-shockwave-flash\" src=\"http:\/\/www.catradio.cat\/flash\/srp.swf\" allowScriptAccess=\"always\" quality=\"high\" swliveconnect=\"true\" menu=\"false\" wmode=\"transparent\" flashvars=\"item=777309&amp;skin=http:\/\/www.catradio.cat\/flash\/skin_srp_cr_embed.swf&amp;text=2&amp;autoPlay=false\" pluginspage=\"http:\/\/www.macromedia.com\/go\/getflashplayer\" allowscriptaccess=\"always\" align=\"middle\" bgcolor=\"#ffffff\" \/><\/object><\/p>\n<p>Puedes descargarlo aqu\u00ed: <a href=\"http:\/\/audios.catradio.cat\/multimedia\/mp3\/3\/1\/1386757246013\/Manolo-Garcia-al-Mati-de-Catalunya-Radio.mp3\">ENLACE<\/a><\/p>\n<p style=\"text-align: center;\">Foto de abajo de Ricardo Mar\u00edn tras la entrevista. Con Nacho Lesko, Carmen y Manolo Garc\u00eda<\/p>\n<p style=\"text-align: center;\"><a href=\"http:\/\/www.manologarciaycia.com\/wp-content\/uploads\/2013\/12\/1469882_787342287947541_558181943_n.jpg\" class='lightbox'><img loading=\"lazy\" decoding=\"async\" class=\"aligncenter size-medium wp-image-7972\" alt=\"1469882_787342287947541_558181943_n\" src=\"http:\/\/www.manologarciaycia.com\/wp-content\/uploads\/2013\/12\/1469882_787342287947541_558181943_n-300x225.jpg\" width=\"300\" height=\"225\" srcset=\"https:\/\/www.manologarciaycia.com\/wp-content\/uploads\/2013\/12\/1469882_787342287947541_558181943_n-300x225.jpg 300w, https:\/\/www.manologarciaycia.com\/wp-content\/uploads\/2013\/12\/1469882_787342287947541_558181943_n.jpg 640w\" sizes=\"auto, (max-width: 300px) 100vw, 300px\" \/><\/a><\/p>\n<p>Peque\u00f1o resumen en Castellano:<\/p>\n<p>&#8211; Ha sonado \u00abUn a\u00f1o y otro a\u00f1o\u00bb<br \/>\n&#8211; YA TIENE 14 CANCIONES NUEVAS!!! EN MAQUETA, EN ENERO A GRABAR, Y CUANDO EST\u00c9: A LA CALLE!<br \/>\n&#8211; El esp\u00edritu de las 14 canciones: \u00abinevitable reflejar la situaci\u00f3n actual\/social que nos envuelve&#8230; a todos nos toca!\u00bb &#8211; \u00abel nuevo disco, tiene algo de esto. Soy sensible, cuando veo a alguien luchar por esto: con un par de huevos!\u00bb<br \/>\n&#8211; \u00abNos tienen que ense\u00f1ar desde la escuela a ser personas, a tener coraz\u00f3n\u00bb<br \/>\n&#8211; \u00abSoy como un pajarito, si me dejas cantar, soy feliz!\u00bb<\/p>\n","protected":false},"excerpt":{"rendered":"<p>Ha interpretado \u00abUn a\u00f1o y otro a\u00f1o\u00bb en directo. Han hablado de m\u00fasica, de su futuro trabajo, del que ya tiene algunos temas listos. Y han compartido una conversaci\u00f3n sobre el momento en el que vive el pa\u00eds y la fortaleza de la sociedad. Puedes descargarlo aqu\u00ed: ENLACE Foto de abajo de Ricardo Mar\u00edn tras<a class=\"moretag\" href=\"https:\/\/www.manologarciaycia.com\/?p=7967\" title=\"MG: Entrevista en Els Matins de Cat Radio\" target=\"_self\" rel=\"follow\"> <font face=arial size=2>[Leer m\u00e1s]<\/font> <\/a><\/p>\n","protected":false},"author":2,"featured_media":0,"comment_status":"closed","ping_status":"closed","sticky":false,"template":"","format":"standard","meta":{"footnotes":""},"categories":[1],"tags":[],"class_list":["post-7967","post","type-post","status-publish","format-standard","hentry","category-manolo-garcia"],"_links":{"self":[{"href":"https:\/\/www.manologarciaycia.com\/index.php?rest_route=\/wp\/v2\/posts\/7967","targetHints":{"allow":["GET"]}}],"collection":[{"href":"https:\/\/www.manologarciaycia.com\/index.php?rest_route=\/wp\/v2\/posts"}],"about":[{"href":"https:\/\/www.manologarciaycia.com\/index.php?rest_route=\/wp\/v2\/types\/post"}],"author":[{"embeddable":true,"href":"https:\/\/www.manologarciaycia.com\/index.php?rest_route=\/wp\/v2\/users\/2"}],"replies":[{"embeddable":true,"href":"https:\/\/www.manologarciaycia.com\/index.php?rest_route=%2Fwp%2Fv2%2Fcomments&post=7967"}],"version-history":[{"count":6,"href":"https:\/\/www.manologarciaycia.com\/index.php?rest_route=\/wp\/v2\/posts\/7967\/revisions"}],"predecessor-version":[{"id":7994,"href":"https:\/\/www.manologarciaycia.com\/index.php?rest_route=\/wp\/v2\/posts\/7967\/revisions\/7994"}],"wp:attachment":[{"href":"https:\/\/www.manologarciaycia.com\/index.php?rest_route=%2Fwp%2Fv2%2Fmedia&parent=7967"}],"wp:term":[{"taxonomy":"category","embeddable":true,"href":"https:\/\/www.manologarciaycia.com\/index.php?rest_route=%2Fwp%2Fv2%2Fcategories&post=7967"},{"taxonomy":"post_tag","embeddable":true,"href":"https:\/\/www.manologarciaycia.com\/index.php?rest_route=%2Fwp%2Fv2%2Ftags&post=7967"}],"curies":[{"name":"wp","href":"https:\/\/api.w.org\/{rel}","templated":true}]}}