{"id":7960,"date":"2013-12-11T10:31:24","date_gmt":"2013-12-11T09:31:24","guid":{"rendered":"http:\/\/www.manologarciaycia.com\/?p=7960"},"modified":"2013-12-16T14:24:11","modified_gmt":"2013-12-16T13:24:11","slug":"mg-ahora-en-catalunya-radio","status":"publish","type":"post","link":"https:\/\/www.manologarciaycia.com\/?p=7960","title":{"rendered":"MG: Ahora en Catalunya R\u00e1dio"},"content":{"rendered":"<p><a href=\"http:\/\/www.manologarciaycia.com\/wp-content\/uploads\/2013\/12\/1489241_10152164973413083_201241790_n.jpg\" class='lightbox'><img loading=\"lazy\" decoding=\"async\" src=\"http:\/\/www.manologarciaycia.com\/wp-content\/uploads\/2013\/12\/MG_R.jpg\" alt=\"MG_R\" width=\"672\" height=\"449\" class=\"aligncenter size-full wp-image-7997\" srcset=\"https:\/\/www.manologarciaycia.com\/wp-content\/uploads\/2013\/12\/MG_R.jpg 672w, https:\/\/www.manologarciaycia.com\/wp-content\/uploads\/2013\/12\/MG_R-300x200.jpg 300w\" sizes=\"auto, (max-width: 672px) 100vw, 672px\" \/><\/a><\/p>\n<p style=\"text-align: left;\">Manolo Garc\u00eda ensayando ya en \u00abEl Mat\u00ed de Catalunya R\u00e0dio\u00bb. Actuar\u00e1 en directo y nos explicar\u00e1 c\u00f3mo ser\u00e1 el nuevo disco. Hablaremos con \u00e9l de pintura y de sus obras que se exponen en La Tach\u00e9 Gallery. Repasaremos la situaci\u00f3n actual de la cultura, sobre la cual Manolo es muy cr\u00edtico.<\/p>\n<p style=\"text-align: left;\">ENLACE al directo: <a href=\"http:\/\/www.catradio.cat\/endirecte\/\" target=\"_blank\">http:\/\/www.catradio.cat\/endirecte\/<\/a><\/p>\n<p>Resumen:<\/p>\n<p>&#8211; Ha sonado \u00abUn a\u00f1o y otro a\u00f1o\u00bb<br \/>\n&#8211; YA TIENE 14 CANCIONES NUEVAS!!! EN MAQUETA, EN ENERO A GRABAR, Y CUANDO EST\u00c9: A LA CALLE!<br \/>\n&#8211; El esp\u00edritu de las 14 canciones: <em>\u00abinevitable reflejar la situaci\u00f3n actual\/social que nos envuelve&#8230; a todos nos toca!\u00bb &#8211; \u00abel nuevo disco, tiene algo de esto. Soy sensible, cuando veo a alguien luchar por esto: con un par de huevos!\u00bb<br \/>\n&#8211; \u00abNos tienen que ense\u00f1ar desde la escuela a ser personas, a tener coraz\u00f3n\u00bb<br \/>\n&#8211; \u00abSoy como un pajarito, si me dejas cantar, soy feliz!\u00bb<\/em><\/p>\n","protected":false},"excerpt":{"rendered":"<p>Manolo Garc\u00eda ensayando ya en \u00abEl Mat\u00ed de Catalunya R\u00e0dio\u00bb. Actuar\u00e1 en directo y nos explicar\u00e1 c\u00f3mo ser\u00e1 el nuevo disco. Hablaremos con \u00e9l de pintura y de sus obras que se exponen en La Tach\u00e9 Gallery. Repasaremos la situaci\u00f3n actual de la cultura, sobre la cual Manolo es muy cr\u00edtico. ENLACE al directo: http:\/\/www.catradio.cat\/endirecte\/<a class=\"moretag\" href=\"https:\/\/www.manologarciaycia.com\/?p=7960\" title=\"MG: Ahora en Catalunya R\u00e1dio\" target=\"_self\" rel=\"follow\"> <font face=arial size=2>[Leer m\u00e1s]<\/font> <\/a><\/p>\n","protected":false},"author":2,"featured_media":0,"comment_status":"closed","ping_status":"closed","sticky":false,"template":"","format":"standard","meta":{"footnotes":""},"categories":[1],"tags":[],"class_list":["post-7960","post","type-post","status-publish","format-standard","hentry","category-manolo-garcia"],"_links":{"self":[{"href":"https:\/\/www.manologarciaycia.com\/index.php?rest_route=\/wp\/v2\/posts\/7960","targetHints":{"allow":["GET"]}}],"collection":[{"href":"https:\/\/www.manologarciaycia.com\/index.php?rest_route=\/wp\/v2\/posts"}],"about":[{"href":"https:\/\/www.manologarciaycia.com\/index.php?rest_route=\/wp\/v2\/types\/post"}],"author":[{"embeddable":true,"href":"https:\/\/www.manologarciaycia.com\/index.php?rest_route=\/wp\/v2\/users\/2"}],"replies":[{"embeddable":true,"href":"https:\/\/www.manologarciaycia.com\/index.php?rest_route=%2Fwp%2Fv2%2Fcomments&post=7960"}],"version-history":[{"count":7,"href":"https:\/\/www.manologarciaycia.com\/index.php?rest_route=\/wp\/v2\/posts\/7960\/revisions"}],"predecessor-version":[{"id":7998,"href":"https:\/\/www.manologarciaycia.com\/index.php?rest_route=\/wp\/v2\/posts\/7960\/revisions\/7998"}],"wp:attachment":[{"href":"https:\/\/www.manologarciaycia.com\/index.php?rest_route=%2Fwp%2Fv2%2Fmedia&parent=7960"}],"wp:term":[{"taxonomy":"category","embeddable":true,"href":"https:\/\/www.manologarciaycia.com\/index.php?rest_route=%2Fwp%2Fv2%2Fcategories&post=7960"},{"taxonomy":"post_tag","embeddable":true,"href":"https:\/\/www.manologarciaycia.com\/index.php?rest_route=%2Fwp%2Fv2%2Ftags&post=7960"}],"curies":[{"name":"wp","href":"https:\/\/api.w.org\/{rel}","templated":true}]}}