{"id":7955,"date":"2013-12-10T20:49:43","date_gmt":"2013-12-10T19:49:43","guid":{"rendered":"http:\/\/www.manologarciaycia.com\/?p=7955"},"modified":"2013-12-10T20:49:43","modified_gmt":"2013-12-10T19:49:43","slug":"mg-manana-11-dic-entrevista-en-el-mati-de-catalunya-radio","status":"publish","type":"post","link":"https:\/\/www.manologarciaycia.com\/?p=7955","title":{"rendered":"MG: Ma\u00f1ana 11 Dic. entrevista en El Mat\u00ed de Catalunya R\u00e0dio"},"content":{"rendered":"<p><img loading=\"lazy\" decoding=\"async\" class=\"alignleft size-thumbnail wp-image-7956\" alt=\"descarga\" src=\"http:\/\/www.manologarciaycia.com\/wp-content\/uploads\/2013\/12\/descarga-150x141.jpg\" width=\"150\" height=\"141\" \/>Ma\u00f1ana mi\u00e9rcoles 11 Dic. en Catalunya R\u00e0dio, en el programa El Mat\u00ed de Catalunya R\u00e0dio (M\u00f3nica Terribas) entrevista a Manolo Garc\u00eda sobre la exposici\u00f3n Sub-Realista (en La Tach\u00e9 Gallery hasta el 20 Dic.).<\/p>\n<p>Manolo Garc\u00eda tambi\u00e9n actuar\u00e1 junto a Ricardo Mar\u00edn y Nacho Lesko.<\/p>\n<p>A partir de las 10:30h. Tambi\u00e9n en online en la web de la radio: <a href=\"http:\/\/www.catradio.cat\/endirecte\/\" target=\"_blank\">http:\/\/www.catradio.cat\/endirecte\/<\/a><\/p>\n","protected":false},"excerpt":{"rendered":"<p>Ma\u00f1ana mi\u00e9rcoles 11 Dic. en Catalunya R\u00e0dio, en el programa El Mat\u00ed de Catalunya R\u00e0dio (M\u00f3nica Terribas) entrevista a Manolo Garc\u00eda sobre la exposici\u00f3n Sub-Realista (en La Tach\u00e9 Gallery hasta el 20 Dic.). Manolo Garc\u00eda tambi\u00e9n actuar\u00e1 junto a Ricardo Mar\u00edn y Nacho Lesko. A partir de las 10:30h. Tambi\u00e9n en online en la web<a class=\"moretag\" href=\"https:\/\/www.manologarciaycia.com\/?p=7955\" title=\"MG: Ma\u00f1ana 11 Dic. entrevista en El Mat\u00ed de Catalunya R\u00e0dio\" target=\"_self\" rel=\"follow\"> <font face=arial size=2>[Leer m\u00e1s]<\/font> <\/a><\/p>\n","protected":false},"author":2,"featured_media":0,"comment_status":"closed","ping_status":"closed","sticky":false,"template":"","format":"standard","meta":{"footnotes":""},"categories":[1],"tags":[],"class_list":["post-7955","post","type-post","status-publish","format-standard","hentry","category-manolo-garcia"],"_links":{"self":[{"href":"https:\/\/www.manologarciaycia.com\/index.php?rest_route=\/wp\/v2\/posts\/7955","targetHints":{"allow":["GET"]}}],"collection":[{"href":"https:\/\/www.manologarciaycia.com\/index.php?rest_route=\/wp\/v2\/posts"}],"about":[{"href":"https:\/\/www.manologarciaycia.com\/index.php?rest_route=\/wp\/v2\/types\/post"}],"author":[{"embeddable":true,"href":"https:\/\/www.manologarciaycia.com\/index.php?rest_route=\/wp\/v2\/users\/2"}],"replies":[{"embeddable":true,"href":"https:\/\/www.manologarciaycia.com\/index.php?rest_route=%2Fwp%2Fv2%2Fcomments&post=7955"}],"version-history":[{"count":1,"href":"https:\/\/www.manologarciaycia.com\/index.php?rest_route=\/wp\/v2\/posts\/7955\/revisions"}],"predecessor-version":[{"id":7957,"href":"https:\/\/www.manologarciaycia.com\/index.php?rest_route=\/wp\/v2\/posts\/7955\/revisions\/7957"}],"wp:attachment":[{"href":"https:\/\/www.manologarciaycia.com\/index.php?rest_route=%2Fwp%2Fv2%2Fmedia&parent=7955"}],"wp:term":[{"taxonomy":"category","embeddable":true,"href":"https:\/\/www.manologarciaycia.com\/index.php?rest_route=%2Fwp%2Fv2%2Fcategories&post=7955"},{"taxonomy":"post_tag","embeddable":true,"href":"https:\/\/www.manologarciaycia.com\/index.php?rest_route=%2Fwp%2Fv2%2Ftags&post=7955"}],"curies":[{"name":"wp","href":"https:\/\/api.w.org\/{rel}","templated":true}]}}