{"id":7939,"date":"2013-12-09T10:19:19","date_gmt":"2013-12-09T09:19:19","guid":{"rendered":"http:\/\/www.manologarciaycia.com\/?p=7939"},"modified":"2013-12-09T14:07:45","modified_gmt":"2013-12-09T13:07:45","slug":"qp-quimi-portet-participa-en-musica-solidaria","status":"publish","type":"post","link":"https:\/\/www.manologarciaycia.com\/?p=7939","title":{"rendered":"QP: Quimi Portet participa en \u00abM\u00fasica Solidaria\u00bb"},"content":{"rendered":"<p><a href=\"http:\/\/www.manologarciaycia.com\/wp-content\/uploads\/2013\/12\/QP.jpg\" class='lightbox'><img loading=\"lazy\" decoding=\"async\" class=\"alignleft  wp-image-7945\" style=\"border: 1px solid gray;\" alt=\"QP\" src=\"http:\/\/www.manologarciaycia.com\/wp-content\/uploads\/2013\/12\/QP.jpg\" width=\"452\" height=\"277\" srcset=\"https:\/\/www.manologarciaycia.com\/wp-content\/uploads\/2013\/12\/QP.jpg 646w, https:\/\/www.manologarciaycia.com\/wp-content\/uploads\/2013\/12\/QP-300x183.jpg 300w\" sizes=\"auto, (max-width: 452px) 100vw, 452px\" \/><\/a>Los artistas \u2018indies\u2019 se unen contra el hambre.<\/p>\n<p>M\u00fasicos del panorama musical independiente participan en una campa\u00f1a solidaria para recoger fondos para los bancos de alimentos a trav\u00e9s del disco Canciones contra el hambre.<\/p>\n<p>En \u00e9l colaboran artistas catalanescomo La Pegatina, Quimi Portet y Shuarma, adem\u00e1s de Mar\u00eda Villal\u00f3n, El Canijo de Jerez y Toni Zenet, entre otros. Los donantes entrar\u00e1nen un sorteo de entradas y discos.<\/p>\n<p>Fuente: El Peri\u00f3dico de Catalunya &#8211; Edic. Impresa 9\/12\/13 &#8211; Pag. 52<\/p>\n<p><strong>ACERCA DE \u2018CANCIONES CONTRA EL HAMBRE\u2019 &#8211;\u00a0<a href=\"http:\/\/www.cancionescontraelhambre.com\/\">http:\/\/www.cancionescontraelhambre.com\/<\/a><\/strong><\/p>\n<p>\u2018CANCIONES CONTRA EL HAMBRE\u2019 es un recopilatorio musical y un crowdfunding ben\u00e9fico con el que queremos llegar a los m\u00e1s necesitados. Queremos unir m\u00fasica y solidaridad. El 100% de los beneficios se destinar\u00e1n a los Bancos de Alimentos de varias ciudades espa\u00f1olas, colaborando con la Federaci\u00f3n Espa\u00f1ola de Bancos de Alimentos (FESBAL). La campa\u00f1a de recaudaci\u00f3n tiene lugar del 2 de diciembre al 6 de enero y coincide con el lanzamiento de del disco recopilatorio \u2018Canciones Contra El Hambre\u2019, del que forman parte m\u00e1s de una veintena de artistas consolidados y emergentes.<\/p>\n","protected":false},"excerpt":{"rendered":"<p>Los artistas \u2018indies\u2019 se unen contra el hambre. M\u00fasicos del panorama musical independiente participan en una campa\u00f1a solidaria para recoger fondos para los bancos de alimentos a trav\u00e9s del disco Canciones contra el hambre. En \u00e9l colaboran artistas catalanescomo La Pegatina, Quimi Portet y Shuarma, adem\u00e1s de Mar\u00eda Villal\u00f3n, El Canijo de Jerez y Toni<a class=\"moretag\" href=\"https:\/\/www.manologarciaycia.com\/?p=7939\" title=\"QP: Quimi Portet participa en \u00abM\u00fasica Solidaria\u00bb\" target=\"_self\" rel=\"follow\"> <font face=arial size=2>[Leer m\u00e1s]<\/font> <\/a><\/p>\n","protected":false},"author":2,"featured_media":0,"comment_status":"closed","ping_status":"closed","sticky":false,"template":"","format":"standard","meta":{"footnotes":""},"categories":[9],"tags":[],"class_list":["post-7939","post","type-post","status-publish","format-standard","hentry","category-qumi-portet"],"_links":{"self":[{"href":"https:\/\/www.manologarciaycia.com\/index.php?rest_route=\/wp\/v2\/posts\/7939","targetHints":{"allow":["GET"]}}],"collection":[{"href":"https:\/\/www.manologarciaycia.com\/index.php?rest_route=\/wp\/v2\/posts"}],"about":[{"href":"https:\/\/www.manologarciaycia.com\/index.php?rest_route=\/wp\/v2\/types\/post"}],"author":[{"embeddable":true,"href":"https:\/\/www.manologarciaycia.com\/index.php?rest_route=\/wp\/v2\/users\/2"}],"replies":[{"embeddable":true,"href":"https:\/\/www.manologarciaycia.com\/index.php?rest_route=%2Fwp%2Fv2%2Fcomments&post=7939"}],"version-history":[{"count":6,"href":"https:\/\/www.manologarciaycia.com\/index.php?rest_route=\/wp\/v2\/posts\/7939\/revisions"}],"predecessor-version":[{"id":7946,"href":"https:\/\/www.manologarciaycia.com\/index.php?rest_route=\/wp\/v2\/posts\/7939\/revisions\/7946"}],"wp:attachment":[{"href":"https:\/\/www.manologarciaycia.com\/index.php?rest_route=%2Fwp%2Fv2%2Fmedia&parent=7939"}],"wp:term":[{"taxonomy":"category","embeddable":true,"href":"https:\/\/www.manologarciaycia.com\/index.php?rest_route=%2Fwp%2Fv2%2Fcategories&post=7939"},{"taxonomy":"post_tag","embeddable":true,"href":"https:\/\/www.manologarciaycia.com\/index.php?rest_route=%2Fwp%2Fv2%2Ftags&post=7939"}],"curies":[{"name":"wp","href":"https:\/\/api.w.org\/{rel}","templated":true}]}}