{"id":7935,"date":"2013-12-08T10:51:53","date_gmt":"2013-12-08T09:51:53","guid":{"rendered":"http:\/\/www.manologarciaycia.com\/?p=7935"},"modified":"2013-12-08T10:51:53","modified_gmt":"2013-12-08T09:51:53","slug":"mg-de-la-musica-a-la-efervescencia-artistica","status":"publish","type":"post","link":"https:\/\/www.manologarciaycia.com\/?p=7935","title":{"rendered":"MG: De la m\u00fasica a la efervescencia art\u00edstica."},"content":{"rendered":"<p><img loading=\"lazy\" decoding=\"async\" class=\"alignright size-full wp-image-7936\" alt=\"cultural_abc20131207\" src=\"http:\/\/www.manologarciaycia.com\/wp-content\/uploads\/2013\/12\/cultural_abc20131207.jpg\" width=\"140\" height=\"300\" \/><\/p>\n<p>Lo que hay que ver en Barcelona:<\/p>\n<p>Manolo Garc\u00eda: La Tach\u00e9 Gallery<a href=\"https:\/\/www.facebook.com\/latachegallery?directed_target_id=0\" data-hovercard=\"\/ajax\/hovercard\/page.php?id=436837249673183&amp;extragetparams=%7B%22directed_target_id%22%3A0%7D\"><br \/>\n<\/a><\/p>\n<p>De la m\u00fasica a la efervescencia art\u00edstica. Es lo que hizo Manolo Garc\u00eda cuando, tras sus giras de 2012, se entreg\u00f3 a pintar peque\u00f1os \u00f3leos sobre tela (21 en la exposici\u00f3n) que junto con 19 fotos informan de un viaje a las profundidades del inconsciente.<\/p>\n<p>Fuente: Peque\u00f1a rese\u00f1a en el Cultural (de ABC) del viernes 7\/12\/13<\/p>\n<p>Enlace al evento con todos lo datos &#8211; <a href=\"http:\/\/www.manologarciaycia.com\/?ai1ec_event=mg-exposicion-sub-realista-pinturas-y-fotografias-barcelona&amp;instance_id=\">EVENTO<\/a><\/p>\n","protected":false},"excerpt":{"rendered":"<p>Lo que hay que ver en Barcelona: Manolo Garc\u00eda: La Tach\u00e9 Gallery De la m\u00fasica a la efervescencia art\u00edstica. Es lo que hizo Manolo Garc\u00eda cuando, tras sus giras de 2012, se entreg\u00f3 a pintar peque\u00f1os \u00f3leos sobre tela (21 en la exposici\u00f3n) que junto con 19 fotos informan de un viaje a las profundidades<a class=\"moretag\" href=\"https:\/\/www.manologarciaycia.com\/?p=7935\" title=\"MG: De la m\u00fasica a la efervescencia art\u00edstica.\" target=\"_self\" rel=\"follow\"> <font face=arial size=2>[Leer m\u00e1s]<\/font> <\/a><\/p>\n","protected":false},"author":2,"featured_media":0,"comment_status":"closed","ping_status":"closed","sticky":false,"template":"","format":"standard","meta":{"footnotes":""},"categories":[1],"tags":[],"class_list":["post-7935","post","type-post","status-publish","format-standard","hentry","category-manolo-garcia"],"_links":{"self":[{"href":"https:\/\/www.manologarciaycia.com\/index.php?rest_route=\/wp\/v2\/posts\/7935","targetHints":{"allow":["GET"]}}],"collection":[{"href":"https:\/\/www.manologarciaycia.com\/index.php?rest_route=\/wp\/v2\/posts"}],"about":[{"href":"https:\/\/www.manologarciaycia.com\/index.php?rest_route=\/wp\/v2\/types\/post"}],"author":[{"embeddable":true,"href":"https:\/\/www.manologarciaycia.com\/index.php?rest_route=\/wp\/v2\/users\/2"}],"replies":[{"embeddable":true,"href":"https:\/\/www.manologarciaycia.com\/index.php?rest_route=%2Fwp%2Fv2%2Fcomments&post=7935"}],"version-history":[{"count":1,"href":"https:\/\/www.manologarciaycia.com\/index.php?rest_route=\/wp\/v2\/posts\/7935\/revisions"}],"predecessor-version":[{"id":7937,"href":"https:\/\/www.manologarciaycia.com\/index.php?rest_route=\/wp\/v2\/posts\/7935\/revisions\/7937"}],"wp:attachment":[{"href":"https:\/\/www.manologarciaycia.com\/index.php?rest_route=%2Fwp%2Fv2%2Fmedia&parent=7935"}],"wp:term":[{"taxonomy":"category","embeddable":true,"href":"https:\/\/www.manologarciaycia.com\/index.php?rest_route=%2Fwp%2Fv2%2Fcategories&post=7935"},{"taxonomy":"post_tag","embeddable":true,"href":"https:\/\/www.manologarciaycia.com\/index.php?rest_route=%2Fwp%2Fv2%2Ftags&post=7935"}],"curies":[{"name":"wp","href":"https:\/\/api.w.org\/{rel}","templated":true}]}}