{"id":7908,"date":"2013-12-04T07:32:28","date_gmt":"2013-12-04T06:32:28","guid":{"rendered":"http:\/\/www.manologarciaycia.com\/?p=7908"},"modified":"2013-12-09T14:10:13","modified_gmt":"2013-12-09T13:10:13","slug":"mg-la-solidaridad-y-el-arte-se-unen-a-beneficio-del-pueblo-mauritano-en-pronillo","status":"publish","type":"post","link":"https:\/\/www.manologarciaycia.com\/?p=7908","title":{"rendered":"MG: La solidaridad y el arte se unen a beneficio del pueblo mauritano en Pronillo"},"content":{"rendered":"<p><a class=\"lightbox\" href=\"http:\/\/www.manologarciaycia.com\/wp-content\/uploads\/2013\/11\/Carteleria_subasta.jpg\"><img loading=\"lazy\" decoding=\"async\" class=\"alignleft  wp-image-7886\" alt=\"Carteleria_subasta\" src=\"http:\/\/www.manologarciaycia.com\/wp-content\/uploads\/2013\/11\/Carteleria_subasta-202x300.jpg\" width=\"130\" height=\"192\" srcset=\"https:\/\/www.manologarciaycia.com\/wp-content\/uploads\/2013\/11\/Carteleria_subasta-202x300.jpg 202w, https:\/\/www.manologarciaycia.com\/wp-content\/uploads\/2013\/11\/Carteleria_subasta.jpg 674w\" sizes=\"auto, (max-width: 130px) 100vw, 130px\" \/><\/a> La ONG Ingenier\u00eda sin Fronteras organiza una exposici\u00f3n de fotograf\u00edas y una subasta con obras de Manolo Garc\u00eda y Valde\u00f3n, entre otros autores.<br \/>\nLa solidaridad y el arte viajan juntas en Enclave Pronillo. La ONG Ingenier\u00eda sin Fronteras Cantabria ha organizado una muestra de fotograf\u00edas y una subasta solidaria que servir\u00e1 para recaudar fondos a favor de un proyecto en Mauritania del que se beneficiar\u00e1n un total de 13.500 personas.<\/p>\n<p>La exposici\u00f3n, que permanecer\u00e1 abierta al p\u00fablico hasta el d\u00eda 13 de diciembre, recoge 30 fotograf\u00edas del cooperante y fot\u00f3grafo c\u00e1ntabro Pablo Guti\u00e9rrez Barbadillo. Se trata de una retrospectiva de sus viajes por \u00c1frica que ahora se exhibe en Pronillo, sede de la Fundaci\u00f3n Santander Creativa, bajo el t\u00edtulo &#8216;Un ojo, un espejo, africanos&#8217;.\u00a0Todas las im\u00e1genes est\u00e1n a la venta.<\/p>\n<p style=\"text-align: center;\"><strong><a href=\"http:\/\/www.ebay.es\/itm\/Cuadro-de-Manolo-Garcia-cantante-Oleo-sobre-tabla-\/171188254376?pt=LH_DefaultDomain_186&amp;hash=item27db9d76a8&amp;_uhb=1\" target=\"_blank\">ENLACE<\/a> a la subasta de el cuadro de Manolo Garc\u00eda:<\/strong><\/p>\n<p><a class=\"lightbox\" href=\"http:\/\/www.manologarciaycia.com\/wp-content\/uploads\/2013\/12\/MG_Oleo.jpg\"><img loading=\"lazy\" decoding=\"async\" class=\"aligncenter size-medium wp-image-7947\" alt=\"MG_Oleo\" src=\"http:\/\/www.manologarciaycia.com\/wp-content\/uploads\/2013\/12\/MG_Oleo-300x227.jpg\" width=\"300\" height=\"227\" srcset=\"https:\/\/www.manologarciaycia.com\/wp-content\/uploads\/2013\/12\/MG_Oleo-300x227.jpg 300w, https:\/\/www.manologarciaycia.com\/wp-content\/uploads\/2013\/12\/MG_Oleo.jpg 500w\" sizes=\"auto, (max-width: 300px) 100vw, 300px\" \/><\/a><br \/>\n<\/p>\n<p>Se trata de una selecci\u00f3n de im\u00e1genes en las que los habitantes tienen especial protagonismo. Su alegr\u00eda, pese a la paup\u00e9rrima forma de vida que sufren muchos de ellos, inunda todas las fotograf\u00edas que este c\u00e1ntabro re\u00fane ahora como homenaje a todos ellos. Ni\u00f1os, ancianos, mujeres y hombres, posan para la c\u00e1mara de Guti\u00e9rrez Barbadillo que ahora, a modo de homenaje, les ofrece todo lo que recaude con la venta de estas fotos. Adem\u00e1s de la muestra, se subastar\u00e1n pinturas de artistas de prestigio como Manolo Garc\u00eda, m\u00e1s conocido por su faceta de m\u00fasico y compositor, o Fernando Garc\u00eda Valde\u00f3n, artista c\u00e1ntabro que ha realizado un gran n\u00famero de exposiciones no s\u00f3lo a nivel nacional sino tambi\u00e9n internacional. A estos se suman tambi\u00e9n las obras del pintor asturiano Fausto J. Gonz\u00e1lez y Rub\u00e9n Arroyo. La subasta comenzar\u00e1 e hoy en la plataforma online &#8216;e Bay&#8217;, aunque el \u00faltimo d\u00eda la muestra -el 13 de diciembre-, el p\u00fablico podr\u00e1 pujar presencialmente en las instalaciones de Enclave Pronillo.<\/p>\n<p>Los beneficios que se obtengan tanto de la subasta como de la venta de las fotograf\u00edas de la exposici\u00f3n se destinar\u00e1n a la ciudad de Loboudou, en Mauritania. En este caso, el objetivo de este proyecto promovido por Ingenier\u00eda Sin Fronteras. una asociaci\u00f3n de cooperaci\u00f3n para el desarrollo multidisciplinar, es reforzar la autonom\u00eda de la poblaci\u00f3n de esta ciudad a trav\u00e9s de la promoci\u00f3n y la creaci\u00f3n de nuevas actividades productivas y rentables. Algunas de las acciones incluidas en el proyecto son la compra de una piragua de fabricaci\u00f3n local, la construcci\u00f3n de dos casas-habitaci\u00f3n en material local, la realizaci\u00f3n de actividades de formaci\u00f3n en gesti\u00f3n b\u00e1sica y de microempresas, el desarrollo de cursos de formaci\u00f3n en inform\u00e1tica a favor de la juventud o la compra de dos ordenadores alimentados con energ\u00eda solar.<\/p>\n<p>Las personas beneficiarias de esta iniciativa, 13.500 en total, forman parte de todas las fases del proyecto: en la ejecuci\u00f3n participan activamente, o bien desarrollando las actividades directamente (construcci\u00f3n, recogida de material, talleres, etc.) o participando en las actividades de formaci\u00f3n.<\/p>\n<p>Fuente: El diario monta\u00f1es &#8211; <a href=\"http:\/\/www.eldiariomontanes.es\/v\/20131204\/cultura\/arte\/solidaridad-arte-unen-beneficio-20131204.html\" target=\"_new\">ENLACE<\/a> &#8211; Facebook Subasta ISF: <a href=\"https:\/\/www.facebook.com\/SUBASTASOLIDARIAMAURITANIA\" target=\"_new\">ENLACE<\/a><\/p>\n","protected":false},"excerpt":{"rendered":"<p>La ONG Ingenier\u00eda sin Fronteras organiza una exposici\u00f3n de fotograf\u00edas y una subasta con obras de Manolo Garc\u00eda y Valde\u00f3n, entre otros autores. La solidaridad y el arte viajan juntas en Enclave Pronillo. La ONG Ingenier\u00eda sin Fronteras Cantabria ha organizado una muestra de fotograf\u00edas y una subasta solidaria que servir\u00e1 para recaudar fondos a<a class=\"moretag\" href=\"https:\/\/www.manologarciaycia.com\/?p=7908\" title=\"MG: La solidaridad y el arte se unen a beneficio del pueblo mauritano en Pronillo\" target=\"_self\" rel=\"follow\"> <font face=arial size=2>[Leer m\u00e1s]<\/font> <\/a><\/p>\n","protected":false},"author":2,"featured_media":0,"comment_status":"closed","ping_status":"closed","sticky":false,"template":"","format":"standard","meta":{"footnotes":""},"categories":[1],"tags":[],"class_list":["post-7908","post","type-post","status-publish","format-standard","hentry","category-manolo-garcia"],"_links":{"self":[{"href":"https:\/\/www.manologarciaycia.com\/index.php?rest_route=\/wp\/v2\/posts\/7908","targetHints":{"allow":["GET"]}}],"collection":[{"href":"https:\/\/www.manologarciaycia.com\/index.php?rest_route=\/wp\/v2\/posts"}],"about":[{"href":"https:\/\/www.manologarciaycia.com\/index.php?rest_route=\/wp\/v2\/types\/post"}],"author":[{"embeddable":true,"href":"https:\/\/www.manologarciaycia.com\/index.php?rest_route=\/wp\/v2\/users\/2"}],"replies":[{"embeddable":true,"href":"https:\/\/www.manologarciaycia.com\/index.php?rest_route=%2Fwp%2Fv2%2Fcomments&post=7908"}],"version-history":[{"count":12,"href":"https:\/\/www.manologarciaycia.com\/index.php?rest_route=\/wp\/v2\/posts\/7908\/revisions"}],"predecessor-version":[{"id":7950,"href":"https:\/\/www.manologarciaycia.com\/index.php?rest_route=\/wp\/v2\/posts\/7908\/revisions\/7950"}],"wp:attachment":[{"href":"https:\/\/www.manologarciaycia.com\/index.php?rest_route=%2Fwp%2Fv2%2Fmedia&parent=7908"}],"wp:term":[{"taxonomy":"category","embeddable":true,"href":"https:\/\/www.manologarciaycia.com\/index.php?rest_route=%2Fwp%2Fv2%2Fcategories&post=7908"},{"taxonomy":"post_tag","embeddable":true,"href":"https:\/\/www.manologarciaycia.com\/index.php?rest_route=%2Fwp%2Fv2%2Ftags&post=7908"}],"curies":[{"name":"wp","href":"https:\/\/api.w.org\/{rel}","templated":true}]}}