{"id":7902,"date":"2013-12-03T07:34:59","date_gmt":"2013-12-03T06:34:59","guid":{"rendered":"http:\/\/www.manologarciaycia.com\/?p=7902"},"modified":"2013-12-03T07:34:59","modified_gmt":"2013-12-03T06:34:59","slug":"mg-dali-surealista-por-manolo-garcia-en-canal-historia","status":"publish","type":"post","link":"https:\/\/www.manologarciaycia.com\/?p=7902","title":{"rendered":"MG: Dal\u00ed surealista, por Manolo Garc\u00eda, en Canal Historia"},"content":{"rendered":"<p>Manolo Garc\u00eda participa en una retrospectiva del canal Historia por su 15 Aniversario. La pieza se titula \u00abLa fiesta de Dal\u00ed\u00bb. Un avance de lo que se podr\u00e1 ver en el canal desde este mes hasta finales de enero. \u00abManolo Garc\u00eda repasar\u00e1 las celebraciones surrealistas de Dal\u00ed para recibir el a\u00f1o nuevo, en las que se serv\u00edan sardinas en una zapatilla\u00bb. <\/p>\n<p><centeR> <iframe loading=\"lazy\" src=\"\/\/player.vimeo.com\/video\/80535560?title=0&amp;byline=0&amp;portrait=0&amp;color=df0a0a\" width=\"500\" height=\"400\" frameborder=\"0\" webkitallowfullscreen mozallowfullscreen allowfullscreen><\/iframe><\/centeR> <\/p>\n<p>Gracias Pedro J. Novillo. Fuente: Canal Historia &#8211; <a href='http:\/\/canalhistoria.es\/microsites\/15aniversario\/la-fiesta-de-dali\/' target=_new>ENLACE<\/A><\/p>\n","protected":false},"excerpt":{"rendered":"<p>Manolo Garc\u00eda participa en una retrospectiva del canal Historia por su 15 Aniversario. La pieza se titula \u00abLa fiesta de Dal\u00ed\u00bb. Un avance de lo que se podr\u00e1 ver en el canal desde este mes hasta finales de enero. \u00abManolo Garc\u00eda repasar\u00e1 las celebraciones surrealistas de Dal\u00ed para recibir el a\u00f1o nuevo, en las que<a class=\"moretag\" href=\"https:\/\/www.manologarciaycia.com\/?p=7902\" title=\"MG: Dal\u00ed surealista, por Manolo Garc\u00eda, en Canal Historia\" target=\"_self\" rel=\"follow\"> <font face=arial size=2>[Leer m\u00e1s]<\/font> <\/a><\/p>\n","protected":false},"author":2,"featured_media":0,"comment_status":"closed","ping_status":"closed","sticky":false,"template":"","format":"standard","meta":{"footnotes":""},"categories":[1],"tags":[],"class_list":["post-7902","post","type-post","status-publish","format-standard","hentry","category-manolo-garcia"],"_links":{"self":[{"href":"https:\/\/www.manologarciaycia.com\/index.php?rest_route=\/wp\/v2\/posts\/7902","targetHints":{"allow":["GET"]}}],"collection":[{"href":"https:\/\/www.manologarciaycia.com\/index.php?rest_route=\/wp\/v2\/posts"}],"about":[{"href":"https:\/\/www.manologarciaycia.com\/index.php?rest_route=\/wp\/v2\/types\/post"}],"author":[{"embeddable":true,"href":"https:\/\/www.manologarciaycia.com\/index.php?rest_route=\/wp\/v2\/users\/2"}],"replies":[{"embeddable":true,"href":"https:\/\/www.manologarciaycia.com\/index.php?rest_route=%2Fwp%2Fv2%2Fcomments&post=7902"}],"version-history":[{"count":1,"href":"https:\/\/www.manologarciaycia.com\/index.php?rest_route=\/wp\/v2\/posts\/7902\/revisions"}],"predecessor-version":[{"id":7903,"href":"https:\/\/www.manologarciaycia.com\/index.php?rest_route=\/wp\/v2\/posts\/7902\/revisions\/7903"}],"wp:attachment":[{"href":"https:\/\/www.manologarciaycia.com\/index.php?rest_route=%2Fwp%2Fv2%2Fmedia&parent=7902"}],"wp:term":[{"taxonomy":"category","embeddable":true,"href":"https:\/\/www.manologarciaycia.com\/index.php?rest_route=%2Fwp%2Fv2%2Fcategories&post=7902"},{"taxonomy":"post_tag","embeddable":true,"href":"https:\/\/www.manologarciaycia.com\/index.php?rest_route=%2Fwp%2Fv2%2Ftags&post=7902"}],"curies":[{"name":"wp","href":"https:\/\/api.w.org\/{rel}","templated":true}]}}