{"id":7898,"date":"2013-11-30T07:31:38","date_gmt":"2013-11-30T06:31:38","guid":{"rendered":"http:\/\/www.manologarciaycia.com\/?p=7898"},"modified":"2013-11-30T07:31:38","modified_gmt":"2013-11-30T06:31:38","slug":"mg-manolo-garcia-en-atencion-obras-de-la-2","status":"publish","type":"post","link":"https:\/\/www.manologarciaycia.com\/?p=7898","title":{"rendered":"MG: Manolo Garc\u00eda en Atenci\u00f3n Obras de La 2"},"content":{"rendered":"<p><center><iframe loading=\"lazy\" width=\"640\" height=\"360\" src=\"\/\/www.youtube.com\/embed\/dXnj8WIcpuw\" frameborder=\"0\" allowfullscreen><\/iframe><\/center><\/p>\n<p><img loading=\"lazy\" decoding=\"async\" class=\"alignright  wp-image-7899\" alt=\"cabeceraBack\" src=\"http:\/\/www.manologarciaycia.com\/wp-content\/uploads\/2013\/11\/cabeceraBack.png\" width=\"105\" height=\"86\" \/><\/p>\n<p>&nbsp;<\/p>\n<p>El programa <b>Atenci\u00f3n Obras<\/b>, de La 2 de RTVE, del d\u00eda 29\/11\/2013, dedic\u00f3 un reportaje a la faceta de pintor del cantante Manolo Garc\u00eda. Fuente: Atenci\u00f3n Obras &#8211; <a href=\"http:\/\/www.rtve.es\/television\/atencion-obras\/\" target=\"_new\">ENLACE<\/a><\/p>\n","protected":false},"excerpt":{"rendered":"<p>&nbsp; El programa Atenci\u00f3n Obras, de La 2 de RTVE, del d\u00eda 29\/11\/2013, dedic\u00f3 un reportaje a la faceta de pintor del cantante Manolo Garc\u00eda. Fuente: Atenci\u00f3n Obras &#8211; ENLACE<a class=\"moretag\" href=\"https:\/\/www.manologarciaycia.com\/?p=7898\" title=\"MG: Manolo Garc\u00eda en Atenci\u00f3n Obras de La 2\" target=\"_self\" rel=\"follow\"> <font face=arial size=2>[Leer m\u00e1s]<\/font> <\/a><\/p>\n","protected":false},"author":2,"featured_media":0,"comment_status":"closed","ping_status":"closed","sticky":false,"template":"","format":"standard","meta":{"footnotes":""},"categories":[1],"tags":[],"class_list":["post-7898","post","type-post","status-publish","format-standard","hentry","category-manolo-garcia"],"_links":{"self":[{"href":"https:\/\/www.manologarciaycia.com\/index.php?rest_route=\/wp\/v2\/posts\/7898","targetHints":{"allow":["GET"]}}],"collection":[{"href":"https:\/\/www.manologarciaycia.com\/index.php?rest_route=\/wp\/v2\/posts"}],"about":[{"href":"https:\/\/www.manologarciaycia.com\/index.php?rest_route=\/wp\/v2\/types\/post"}],"author":[{"embeddable":true,"href":"https:\/\/www.manologarciaycia.com\/index.php?rest_route=\/wp\/v2\/users\/2"}],"replies":[{"embeddable":true,"href":"https:\/\/www.manologarciaycia.com\/index.php?rest_route=%2Fwp%2Fv2%2Fcomments&post=7898"}],"version-history":[{"count":1,"href":"https:\/\/www.manologarciaycia.com\/index.php?rest_route=\/wp\/v2\/posts\/7898\/revisions"}],"predecessor-version":[{"id":7900,"href":"https:\/\/www.manologarciaycia.com\/index.php?rest_route=\/wp\/v2\/posts\/7898\/revisions\/7900"}],"wp:attachment":[{"href":"https:\/\/www.manologarciaycia.com\/index.php?rest_route=%2Fwp%2Fv2%2Fmedia&parent=7898"}],"wp:term":[{"taxonomy":"category","embeddable":true,"href":"https:\/\/www.manologarciaycia.com\/index.php?rest_route=%2Fwp%2Fv2%2Fcategories&post=7898"},{"taxonomy":"post_tag","embeddable":true,"href":"https:\/\/www.manologarciaycia.com\/index.php?rest_route=%2Fwp%2Fv2%2Ftags&post=7898"}],"curies":[{"name":"wp","href":"https:\/\/api.w.org\/{rel}","templated":true}]}}