{"id":7853,"date":"2013-11-21T19:54:45","date_gmt":"2013-11-21T18:54:45","guid":{"rendered":"http:\/\/www.manologarciaycia.com\/?p=7853"},"modified":"2013-11-21T19:58:46","modified_gmt":"2013-11-21T18:58:46","slug":"mg-entrevista-en-wonderland-de-radio-4-en-catala","status":"publish","type":"post","link":"https:\/\/www.manologarciaycia.com\/?p=7853","title":{"rendered":"MG: Entrevista en Wonderland de R\u00e0dio 4, en Catal\u00e0"},"content":{"rendered":"<p><center><img loading=\"lazy\" decoding=\"async\" src=\"http:\/\/img.irtve.es\/imagenes\/wonderland\/1301047626585.png\" width=\"139\" height=\"78\" class=\"alignright\" \/><\/p>\n<div class=\"AudioContainer \" data-sust=\"false\" data-assetID=\"2160061_ca_audios\"data-permaLink=\"http:\/\/www.rtve.es\/alacarta\/audios\/wonderland\/wonderland-manolo-garcia-artista-polifacetic-presenta-seu-jo-pintor\/2160061\/\" data-location=\"embed_audios\" data-idManager=\"default\"itemprop=\"Audio\" itemscope itemtype=\"http:\/\/schema.org\/AudioObject\"><span class=\"hddn\" style=\"display: none;\" itemprop=\"name\">Wonderland &#8211; Manolo Garc\u00eda, artista polifac\u00e8tic presenta el seu \u00abjo\u00bb pintor<\/span><meta itemprop=\"duration\" content=\"T00H58M41S\" \/><meta itemprop=\"thumbnail\" content=\"http:\/\/img.irtve.es\/imagenes\/wonderland\/1301047626355.png\" \/><meta itemprop=\"description\" content=\"Al Wonderland d'avui tindrem al Manolo Garc\u00eda. L'artista polifac\u00e8tic, m\u00e9s conegut com a m\u00fasic, presenta el seu 'jo' pintor en l'exposici\u00f3 'Sub-realista'. La  LaTach\u00e9 Gallery acull la seva obra pict\u00f3rica i fotogr\u00e1fica dels \u00faltims temps per vendre-la per primer cop. Els beneficis anir\u00e0n destinats a tres entitats privades de finalitats ben\u00e8fiques relacionades amb la lluita contra el c\u00e0ncer i al suport de les persones en situaci\u00f3 d'exclussi\u00f3 social. Tot plegat, parlarem amb Manolo Garc\u00eda d'aquesta exposici\u00f3 art\u00edstica amb finalitat social.\" \/><object type=\"application\/x-shockwave-flash\" id=\"\" height=\"37\" width=\"425\" data=\"http:\/\/www.irtve.es\/swf\/4.2.15\/RTVEPlayerAudio.swf\"><param name=\"movie\" value=\"http:\/\/www.irtve.es\/swf\/4.2.15\/RTVEPlayerAudio.swf\"\/><param name=\"allowScriptAccess\" value=\"always\"><param name=\"allowFullScreen\" value=\"true\"><param name=\"bgcolor\" value=\"#FFFFFF\"><param name=\"flashvars\" value=\"assetID=2160061_ca_audios&#038;location=embed_audios\"><a href=\"http:\/\/www.rtve.es\/alacarta\/audios\/wonderland\/wonderland-manolo-garcia-artista-polifacetic-presenta-seu-jo-pintor\/2160061\/\" itemprop=\"url\"><span class=\"audioplay\"><strong>Escoltar \u00e0udio<\/strong><\/span><img decoding=\"async\" src=\"http:\/\/img.irtve.es\/bourne\/i\/player-radio-dummy.png\" alt=\"Wonderland - Manolo Garc\u00eda, artista polifac\u00e8tic presenta el seu \"jo\" pintor\" title=\"Wonderland - Manolo Garc\u00eda, artista polifac\u00e8tic presenta el seu \"jo\" pintor\" \/><\/a><\/object><\/div>\n<ul style=\"padding:4px 0 8px 5%;width:95%;display:block;font-size:10px;text-align:left;border-bottom:1px solid #999;background:url('http:\/\/www.rtve.es\/favicon.ico') no-repeat left 2px;\">\n<li style=\"display:inline;\"><a href=\"http:\/\/192.168.249.73:8080\/alacarta\/audios\/wonderland\/wonderland-manolo-garcia-artista-polifacetic-presenta-seu-jo-pintor\/2160061.shtml\" title=\"Wonderland - Manolo Garc\u00eda, artista polifac\u00e8tic presenta el seu \"jo\" pintor\"><strong>Wonderland &#8211; Manolo Garc\u00eda, artista polifac\u00e8tic presenta el seu \u00abjo\u00bb pintor<\/strong><\/a><\/li>\n<\/ul>\n<p><\/centeR><\/p>\n","protected":false},"excerpt":{"rendered":"<p>Wonderland &#8211; Manolo Garc\u00eda, artista polifac\u00e8tic presenta el seu \u00abjo\u00bb pintorEscoltar \u00e0udio Wonderland &#8211; Manolo Garc\u00eda, artista polifac\u00e8tic presenta el seu \u00abjo\u00bb pintor<a class=\"moretag\" href=\"https:\/\/www.manologarciaycia.com\/?p=7853\" title=\"MG: Entrevista en Wonderland de R\u00e0dio 4, en Catal\u00e0\" target=\"_self\" rel=\"follow\"> <font face=arial size=2>[Leer m\u00e1s]<\/font> <\/a><\/p>\n","protected":false},"author":2,"featured_media":0,"comment_status":"closed","ping_status":"closed","sticky":false,"template":"","format":"standard","meta":{"footnotes":""},"categories":[1],"tags":[],"class_list":["post-7853","post","type-post","status-publish","format-standard","hentry","category-manolo-garcia"],"_links":{"self":[{"href":"https:\/\/www.manologarciaycia.com\/index.php?rest_route=\/wp\/v2\/posts\/7853","targetHints":{"allow":["GET"]}}],"collection":[{"href":"https:\/\/www.manologarciaycia.com\/index.php?rest_route=\/wp\/v2\/posts"}],"about":[{"href":"https:\/\/www.manologarciaycia.com\/index.php?rest_route=\/wp\/v2\/types\/post"}],"author":[{"embeddable":true,"href":"https:\/\/www.manologarciaycia.com\/index.php?rest_route=\/wp\/v2\/users\/2"}],"replies":[{"embeddable":true,"href":"https:\/\/www.manologarciaycia.com\/index.php?rest_route=%2Fwp%2Fv2%2Fcomments&post=7853"}],"version-history":[{"count":5,"href":"https:\/\/www.manologarciaycia.com\/index.php?rest_route=\/wp\/v2\/posts\/7853\/revisions"}],"predecessor-version":[{"id":7858,"href":"https:\/\/www.manologarciaycia.com\/index.php?rest_route=\/wp\/v2\/posts\/7853\/revisions\/7858"}],"wp:attachment":[{"href":"https:\/\/www.manologarciaycia.com\/index.php?rest_route=%2Fwp%2Fv2%2Fmedia&parent=7853"}],"wp:term":[{"taxonomy":"category","embeddable":true,"href":"https:\/\/www.manologarciaycia.com\/index.php?rest_route=%2Fwp%2Fv2%2Fcategories&post=7853"},{"taxonomy":"post_tag","embeddable":true,"href":"https:\/\/www.manologarciaycia.com\/index.php?rest_route=%2Fwp%2Fv2%2Ftags&post=7853"}],"curies":[{"name":"wp","href":"https:\/\/api.w.org\/{rel}","templated":true}]}}