{"id":7842,"date":"2001-05-31T10:47:49","date_gmt":"2001-05-31T08:47:49","guid":{"rendered":"http:\/\/www.manologarciaycia.com\/?p=7842"},"modified":"2013-11-20T10:54:54","modified_gmt":"2013-11-20T09:54:54","slug":"mg-manolo-garcia-confirma-en-un-palau-desports-abarrotado-su-embrujo-musical","status":"publish","type":"post","link":"https:\/\/www.manologarciaycia.com\/?p=7842","title":{"rendered":"MG: Manolo Garc\u00eda confirma en un Palau d&#8217;Esports abarrotado su embrujo musical"},"content":{"rendered":"<p><b><i>\u00c9xito total de Manolo Garc\u00eda en el Palau d\u00b4Esports. \u201cNunca el tiempo es perdido\u201d, el nuevo disco del cantante, recibi\u00f3 una acogida extraordinaria.<\/i><\/b><\/p>\n<p>Con su tradicional profesionalismo, Manolo Garc\u00eda acudi\u00f3 anoche puntual a la cita con su m\u00e1s que fiel clientela barcelonesa. Una clientela que am\u00e9n de abarrotar el aforo del Palau d&#8217;Esports de Montju\u00efc (los conciertos se prolongan hasta el pr\u00f3ximo s\u00e1bado con todo el billetaje ya vendido desde hace semanas) demostr\u00f3 conocer con profusi\u00f3n el material del nuevo disco \u2013\u201dNunca el tiempo es perdido\u201d\u2013que presentaba el cantante barcelon\u00e9s. <\/p>\n<p><a href=\"http:\/\/www.manologarciaycia.com\/wp-content\/uploads\/2013\/11\/LVG_20010531_043LVB.jpg\" class='lightbox'><img loading=\"lazy\" decoding=\"async\" src=\"http:\/\/www.manologarciaycia.com\/wp-content\/uploads\/2013\/11\/LVG_20010531_043LVB-1024x696.jpg\" alt=\"LVG_20010531_043LVB\" width=\"550\" height=\"373\" class=\"aligncenter size-large wp-image-7843\" srcset=\"https:\/\/www.manologarciaycia.com\/wp-content\/uploads\/2013\/11\/LVG_20010531_043LVB-1024x696.jpg 1024w, https:\/\/www.manologarciaycia.com\/wp-content\/uploads\/2013\/11\/LVG_20010531_043LVB-300x203.jpg 300w, https:\/\/www.manologarciaycia.com\/wp-content\/uploads\/2013\/11\/LVG_20010531_043LVB.jpg 1128w\" sizes=\"auto, (max-width: 550px) 100vw, 550px\" \/><\/a><\/p>\n<p>Con las 7.500 localidades ocupadas desde mucho antes de las diez de la noche con un p\u00fablico absolutamente heterog\u00e9neo \u2013en edad, sexo, supuesta condici\u00f3n social\u2013, la aparici\u00f3n del carism\u00e1tico ex cantante de el \u00daltimo de la Fila fue acogida con el estruendo del reencuentro familiar. Garc\u00eda derroch\u00f3 anoche generosidad a raudales, esparci\u00f3 su embrujo musical por los cuatro costados de un Palau d&#8217;Esports que necesita m\u00e1s de cuatro cosidos, y, en fin, demostr\u00f3 una vez m\u00e1s que por estas latitudes no hay nadie que domine el directo como \u00e9l. Una respuesta, en cualquier caso, en perfecta consonancia con el liderazgo que Garc\u00eda ostenta tanto en lista de \u00e9xitos como en \u00edndice de ventas.<\/p>\n<p>Todo el repertorio de su flamante disco \u201cNunca el tiempo es perdido\u201d  fue puntualmente desmenuzado \u2013excepto la ya conocida excepci\u00f3n de \u201cUn plan\u201d\u2013, y all\u00ed s\u00ed que se pudo comprobar no ya la fidelidad sino el conocimiento que el fan \u201cmanologarciano\u201d mostr\u00f3 sobre el repertorio, las melod\u00edas, las letras de los mejores pu\u00f1etazos sonoros de este impecable nueva entrega sonora. <\/p>\n<p>Calculador hasta el mil\u00edmetro cuando se trata de entrar en faena, Manolo Garc\u00eda se ha rodeado para esta gira espa\u00f1ola de una copiosa a la vez que reputada agrupaci\u00f3n instrumental. Quiz\u00e1 excesiva para lo que demanda el p\u00fablico, que es m\u00e1s bien poco dado al matiz y s\u00ed al magnetismo vocal y esc\u00e9nico de Garc\u00eda. Sin entrar en mayores valoraciones, la pauta del guitarrista flamenco Pedro Javier Gonz\u00e1lez es bastante m\u00e1s visible que lo que aconteciera cuando Garc\u00eda estren\u00f3 hace una par de temporadas su hermos\u00edsimo \u201cArena en los bolsillos\u201d. A modo de contrapeso, el directo apuesta asimismo por un sonido contundente y guitarrero, para lo que no ha dudado en rodearse del ya conocido Eric de Witt, del novedoso Paco Heredia y, sobre todo, de un Jordi Armengol cada d\u00eda m\u00e1s sorprendente, a los que hay que a\u00f1adir el teclista Nacho Lesko y el bater\u00eda Juan Carlos Garc\u00eda.<\/p>\n<p><b><i>Un p\u00fablico inter-generacional core\u00f3 entusiasmado las canciones del nuevo disco del carism\u00e1tico cantante.<\/i><\/b><\/p>\n<p>A lo largo de una velada que rond\u00f3 las dos horas de duraci\u00f3n y en la que se oyeron m\u00e1s de treinta temas fue, sin embargo, el material de facturaci\u00f3n anterior el que acogi\u00f3 entusiasmos que pasaban del delirio al \u201cfoc de campament\u201d. As\u00ed, \u201cP\u00e1jaros de barro\u201d o \u201cAviones plateados\u201d fueron dianas impecables, si bien hubo que esperar a \u201cInsurrecci\u00f3n\u201d y a \u201cA veces se enciende\u201d para convenir una vez m\u00e1s que un concierto de Manolo Garc\u00eda no es una velada musical m\u00e1s, es un acto de fe, una catarsis, es el \u201cbuen rollo colega\u201d dicho con gracejo y pulcritud.<\/p>\n<p>Fuente: La Vanguardia &#8211; <a href='http:\/\/hemeroteca.lavanguardia.com\/preview\/2011\/12\/03\/pagina-43\/34187835\/pdf.html' targeT=_new>ENLACE<\/a> &#8211; Foto: \u00c0lex Garc\u00eda<\/p>\n","protected":false},"excerpt":{"rendered":"<p>\u00c9xito total de Manolo Garc\u00eda en el Palau d\u00b4Esports. \u201cNunca el tiempo es perdido\u201d, el nuevo disco del cantante, recibi\u00f3 una acogida extraordinaria. Con su tradicional profesionalismo, Manolo Garc\u00eda acudi\u00f3 anoche puntual a la cita con su m\u00e1s que fiel clientela barcelonesa. Una clientela que am\u00e9n de abarrotar el aforo del Palau d&#8217;Esports de Montju\u00efc<a class=\"moretag\" href=\"https:\/\/www.manologarciaycia.com\/?p=7842\" title=\"MG: Manolo Garc\u00eda confirma en un Palau d&#8217;Esports abarrotado su embrujo musical\" target=\"_self\" rel=\"follow\"> <font face=arial size=2>[Leer m\u00e1s]<\/font> <\/a><\/p>\n","protected":false},"author":2,"featured_media":0,"comment_status":"closed","ping_status":"closed","sticky":false,"template":"","format":"standard","meta":{"footnotes":""},"categories":[1],"tags":[],"class_list":["post-7842","post","type-post","status-publish","format-standard","hentry","category-manolo-garcia"],"_links":{"self":[{"href":"https:\/\/www.manologarciaycia.com\/index.php?rest_route=\/wp\/v2\/posts\/7842","targetHints":{"allow":["GET"]}}],"collection":[{"href":"https:\/\/www.manologarciaycia.com\/index.php?rest_route=\/wp\/v2\/posts"}],"about":[{"href":"https:\/\/www.manologarciaycia.com\/index.php?rest_route=\/wp\/v2\/types\/post"}],"author":[{"embeddable":true,"href":"https:\/\/www.manologarciaycia.com\/index.php?rest_route=\/wp\/v2\/users\/2"}],"replies":[{"embeddable":true,"href":"https:\/\/www.manologarciaycia.com\/index.php?rest_route=%2Fwp%2Fv2%2Fcomments&post=7842"}],"version-history":[{"count":1,"href":"https:\/\/www.manologarciaycia.com\/index.php?rest_route=\/wp\/v2\/posts\/7842\/revisions"}],"predecessor-version":[{"id":7844,"href":"https:\/\/www.manologarciaycia.com\/index.php?rest_route=\/wp\/v2\/posts\/7842\/revisions\/7844"}],"wp:attachment":[{"href":"https:\/\/www.manologarciaycia.com\/index.php?rest_route=%2Fwp%2Fv2%2Fmedia&parent=7842"}],"wp:term":[{"taxonomy":"category","embeddable":true,"href":"https:\/\/www.manologarciaycia.com\/index.php?rest_route=%2Fwp%2Fv2%2Fcategories&post=7842"},{"taxonomy":"post_tag","embeddable":true,"href":"https:\/\/www.manologarciaycia.com\/index.php?rest_route=%2Fwp%2Fv2%2Ftags&post=7842"}],"curies":[{"name":"wp","href":"https:\/\/api.w.org\/{rel}","templated":true}]}}