{"id":7834,"date":"1990-09-29T10:40:12","date_gmt":"1990-09-29T08:40:12","guid":{"rendered":"http:\/\/www.manologarciaycia.com\/?p=7834"},"modified":"2013-11-20T10:47:22","modified_gmt":"2013-11-20T09:47:22","slug":"eudlf-triunfo-de-el-ultimo-de-la-fila-en-sevilla","status":"publish","type":"post","link":"https:\/\/www.manologarciaycia.com\/?p=7834","title":{"rendered":"EUDLF: Triunfo de El Ultimo de la Fila en Sevilla"},"content":{"rendered":"<p><a href=\"http:\/\/www.manologarciaycia.com\/wp-content\/uploads\/1990\/09\/ABC_1990_1.png\" class='lightbox'><img loading=\"lazy\" decoding=\"async\" class=\"alignleft  wp-image-7837\" alt=\"ABC_1990_1\" src=\"http:\/\/www.manologarciaycia.com\/wp-content\/uploads\/1990\/09\/ABC_1990_1.png\" width=\"265\" height=\"458\" srcset=\"https:\/\/www.manologarciaycia.com\/wp-content\/uploads\/1990\/09\/ABC_1990_1.png 441w, https:\/\/www.manologarciaycia.com\/wp-content\/uploads\/1990\/09\/ABC_1990_1-173x300.png 173w\" sizes=\"auto, (max-width: 265px) 100vw, 265px\" \/><\/a>Sevilla es un buen destino posa plantar los b\u00e1rtulos a finales de septiembre, cuando se inaugura el curso escolar, cuando a\u00fan los j\u00f3venes se quejan de la sequ\u00eda musical veraniega. El Ultimo de la Fila, con su flora y fauna sonoras, lejos de las leyes de los hombres, desempolvaron la materia de la que est\u00e1n hechos los sue\u00f1os a la medida de selles de sevillanos que abarrotaron el Palacio de los Deportes y obviaron los inevitables problemas de sonido y tremendo calor que suelen padecerse en dicha instalaci\u00f3n.<\/p>\n<p><a href=\"http:\/\/www.manologarciaycia.com\/wp-content\/uploads\/1990\/09\/ABC_1990_2.jpg\" class='lightbox'><img loading=\"lazy\" decoding=\"async\" class=\"aligncenter size-medium wp-image-7838\" alt=\"ABC_1990_2\" src=\"http:\/\/www.manologarciaycia.com\/wp-content\/uploads\/1990\/09\/ABC_1990_2-300x249.jpg\" width=\"300\" height=\"249\" srcset=\"https:\/\/www.manologarciaycia.com\/wp-content\/uploads\/1990\/09\/ABC_1990_2-300x249.jpg 300w, https:\/\/www.manologarciaycia.com\/wp-content\/uploads\/1990\/09\/ABC_1990_2.jpg 415w\" sizes=\"auto, (max-width: 300px) 100vw, 300px\" \/><\/a><\/p>\n<p>Manolo Garc\u00eda, voz cantante y centro de atenci\u00f3n, que cada vez logra una mejor puesta en escena, y Quimi Portet, brillante materia gris del grupo, alzaron su tel\u00f3n gal\u00e1ctico para mostrar un bello y on\u00edrico decorado y, sobre todo, un s\u00f3lido repertorio, apostolado con su \u00faltimo \u00e1lbum, \u00abPeque\u00f1o nuevo cat\u00e1logo de seres y estares\u00bb. La entrega de artistas y p\u00fablico fue total, y los mejores momentos se alcanzaron con los cl\u00e1sicas \u00abInsurrecci\u00f3n\u00bb, \u00abA veces se enciende\u00bb, \u00abSon cuatro d\u00edas\u00bb, \u00abSoto\u00bb o \u00abQuerida Milagros\u00bb. El Ultimo de la Fila ha sido el \u00fanico grupo importante espa\u00f1ol que se ha atrevido a hacer galas pastado la piel de toro y adem\u00e1s ya ha dado el salto al extranjero. Garc\u00eda y Portet no danzan al son de tambores ajenos, han labrado un estilo propio y en Sevilla demostraron, una vez m\u00e1s, que su uni\u00f3n es perfecta. Como la cabeza al sombrero. Como el l\u00e1piz al papel.<\/p>\n<p style=\"text-align: center;\"><a href=\"http:\/\/www.manologarciaycia.com\/wp-content\/uploads\/1990\/09\/ABC_1990_3.jpg\" class='lightbox'><img loading=\"lazy\" decoding=\"async\" class=\"aligncenter  wp-image-7839\" alt=\"ABC_1990_3\" src=\"http:\/\/www.manologarciaycia.com\/wp-content\/uploads\/1990\/09\/ABC_1990_3.jpg\" width=\"591\" height=\"293\" srcset=\"https:\/\/www.manologarciaycia.com\/wp-content\/uploads\/1990\/09\/ABC_1990_3.jpg 844w, https:\/\/www.manologarciaycia.com\/wp-content\/uploads\/1990\/09\/ABC_1990_3-300x148.jpg 300w\" sizes=\"auto, (max-width: 591px) 100vw, 591px\" \/><\/a><\/p>\n<p>Fuente: ABC Sevilla &#8211; <a href=\"http:\/\/hemeroteca.abcdesevilla.es\/nav\/Navigate.exe\/hemeroteca\/sevilla\/abc.sevilla\/1990\/09\/29\/086.html\" target=\"_new\">ENLACE<\/a> &#8211; Juan Luis PAV\u00d3N<\/p>\n","protected":false},"excerpt":{"rendered":"<p>Sevilla es un buen destino posa plantar los b\u00e1rtulos a finales de septiembre, cuando se inaugura el curso escolar, cuando a\u00fan los j\u00f3venes se quejan de la sequ\u00eda musical veraniega. El Ultimo de la Fila, con su flora y fauna sonoras, lejos de las leyes de los hombres, desempolvaron la materia de la que est\u00e1n<a class=\"moretag\" href=\"https:\/\/www.manologarciaycia.com\/?p=7834\" title=\"EUDLF: Triunfo de El Ultimo de la Fila en Sevilla\" target=\"_self\" rel=\"follow\"> <font face=arial size=2>[Leer m\u00e1s]<\/font> <\/a><\/p>\n","protected":false},"author":2,"featured_media":0,"comment_status":"closed","ping_status":"closed","sticky":false,"template":"","format":"standard","meta":{"footnotes":""},"categories":[3],"tags":[],"class_list":["post-7834","post","type-post","status-publish","format-standard","hentry","category-el-ultimo-de-la-fila"],"_links":{"self":[{"href":"https:\/\/www.manologarciaycia.com\/index.php?rest_route=\/wp\/v2\/posts\/7834","targetHints":{"allow":["GET"]}}],"collection":[{"href":"https:\/\/www.manologarciaycia.com\/index.php?rest_route=\/wp\/v2\/posts"}],"about":[{"href":"https:\/\/www.manologarciaycia.com\/index.php?rest_route=\/wp\/v2\/types\/post"}],"author":[{"embeddable":true,"href":"https:\/\/www.manologarciaycia.com\/index.php?rest_route=\/wp\/v2\/users\/2"}],"replies":[{"embeddable":true,"href":"https:\/\/www.manologarciaycia.com\/index.php?rest_route=%2Fwp%2Fv2%2Fcomments&post=7834"}],"version-history":[{"count":4,"href":"https:\/\/www.manologarciaycia.com\/index.php?rest_route=\/wp\/v2\/posts\/7834\/revisions"}],"predecessor-version":[{"id":7841,"href":"https:\/\/www.manologarciaycia.com\/index.php?rest_route=\/wp\/v2\/posts\/7834\/revisions\/7841"}],"wp:attachment":[{"href":"https:\/\/www.manologarciaycia.com\/index.php?rest_route=%2Fwp%2Fv2%2Fmedia&parent=7834"}],"wp:term":[{"taxonomy":"category","embeddable":true,"href":"https:\/\/www.manologarciaycia.com\/index.php?rest_route=%2Fwp%2Fv2%2Fcategories&post=7834"},{"taxonomy":"post_tag","embeddable":true,"href":"https:\/\/www.manologarciaycia.com\/index.php?rest_route=%2Fwp%2Fv2%2Ftags&post=7834"}],"curies":[{"name":"wp","href":"https:\/\/api.w.org\/{rel}","templated":true}]}}