{"id":7770,"date":"2013-11-17T07:37:13","date_gmt":"2013-11-17T06:37:13","guid":{"rendered":"http:\/\/www.manologarciaycia.com\/?p=7770"},"modified":"2013-11-20T10:18:51","modified_gmt":"2013-11-20T09:18:51","slug":"mg-pintura-y-fotografia-de-manolo-garcia-en-la-galeria-carles-tache","status":"publish","type":"post","link":"https:\/\/www.manologarciaycia.com\/?p=7770","title":{"rendered":"MG: Pintura y fotograf\u00eda de Manolo Garc\u00eda en la galer\u00eda Carles Tach\u00e9"},"content":{"rendered":"<p><a href=\"http:\/\/www.manologarciaycia.com\/wp-content\/uploads\/2013\/11\/img_15850.jpg\" class=\"lightbox\"><img loading=\"lazy\" decoding=\"async\" class=\"alignright size-medium wp-image-7771\" alt=\"img_15850\" src=\"http:\/\/www.manologarciaycia.com\/wp-content\/uploads\/2013\/11\/img_15850-300x163.jpg\" width=\"300\" height=\"163\" srcset=\"https:\/\/www.manologarciaycia.com\/wp-content\/uploads\/2013\/11\/img_15850-300x163.jpg 300w, https:\/\/www.manologarciaycia.com\/wp-content\/uploads\/2013\/11\/img_15850.jpg 400w\" sizes=\"auto, (max-width: 300px) 100vw, 300px\" \/><\/a> Manolo Garc\u00eda es conocido por su faceta musical, como cantante y compositor; pero desde muy joven se ha dedicado a las artes pl\u00e1sticas como una vocaci\u00f3n secreta que a veces da a conocer exponiendo su obra con fines ben\u00e9fico, como lo hace ahora con la muestra \u2018Sub-realista\u2019, con pintura y fotograf\u00eda, en la galer\u00eda Tach\u00e9, cuyos beneficios se destinar\u00e1n a la Fundaci\u00f3n Contra el C\u00e1ncer (FENOC), Fundaci\u00f3n Acollida i Esperan\u00e7a, y Delwende.<\/p>\n<p>La exposici\u00f3n muestra pinturas que nos sit\u00faan en un plano distintos de la realidad f\u00edsica, de ah\u00ed su t\u00edtulo, desvelando una serie de caracter\u00edsticas y significados, algo as\u00ed como ese algo trascendente que llamamos alma de las cosas. Por otro lado, las fotograf\u00edas, que podr\u00edamos calificar como \u2018fotograf\u00edas de viaje\u2019, no hacen sino recordarnos que la vida del m\u00fasico es, sin duda, un continuo viaje. Manolo Garc\u00eda utiliza diferentes medios de expresi\u00f3n para expresar lo visto, lo sentido\u2026 unas veces con la m\u00fasica que acumulan rumores que generan \u2018notas\u2019 que cautivan; otras textos, el \u2018logos\u2019 que es informaci\u00f3n y l\u00f3gica; la fotograf\u00eda que aprehende instantes\u2026 la pintura que busca motivos y los ilumina con tonos que alcanzan los adentros.<\/p>\n<p>Y as\u00ed se percibe en la exposici\u00f3n \u2018Sub-realista\u2019, del polifac\u00e9tico Manolo Garc\u00eda, en los espacios de la galer\u00eda Carles Tach\u00e9, de Barcelona, hasta el 20 de diciembre de 2013.<\/p>\n<p>Fuente: Infopunto &#8211; <a href=\"http:\/\/infoenpunto.com\/not\/11120\/pintura_y_fotografia_de_manolo_garcia_en_la_galeria_carles_tache\/\" target=\"_new\">ENLACE<\/a> &#8211; Gracias LaSetaWeb por el enlace.<\/p>\n","protected":false},"excerpt":{"rendered":"<p>Manolo Garc\u00eda es conocido por su faceta musical, como cantante y compositor; pero desde muy joven se ha dedicado a las artes pl\u00e1sticas como una vocaci\u00f3n secreta que a veces da a conocer exponiendo su obra con fines ben\u00e9fico, como lo hace ahora con la muestra \u2018Sub-realista\u2019, con pintura y fotograf\u00eda, en la galer\u00eda Tach\u00e9,<a class=\"moretag\" href=\"https:\/\/www.manologarciaycia.com\/?p=7770\" title=\"MG: Pintura y fotograf\u00eda de Manolo Garc\u00eda en la galer\u00eda Carles Tach\u00e9\" target=\"_self\" rel=\"follow\"> <font face=arial size=2>[Leer m\u00e1s]<\/font> <\/a><\/p>\n","protected":false},"author":2,"featured_media":0,"comment_status":"closed","ping_status":"closed","sticky":false,"template":"","format":"standard","meta":{"footnotes":""},"categories":[1],"tags":[],"class_list":["post-7770","post","type-post","status-publish","format-standard","hentry","category-manolo-garcia"],"_links":{"self":[{"href":"https:\/\/www.manologarciaycia.com\/index.php?rest_route=\/wp\/v2\/posts\/7770","targetHints":{"allow":["GET"]}}],"collection":[{"href":"https:\/\/www.manologarciaycia.com\/index.php?rest_route=\/wp\/v2\/posts"}],"about":[{"href":"https:\/\/www.manologarciaycia.com\/index.php?rest_route=\/wp\/v2\/types\/post"}],"author":[{"embeddable":true,"href":"https:\/\/www.manologarciaycia.com\/index.php?rest_route=\/wp\/v2\/users\/2"}],"replies":[{"embeddable":true,"href":"https:\/\/www.manologarciaycia.com\/index.php?rest_route=%2Fwp%2Fv2%2Fcomments&post=7770"}],"version-history":[{"count":2,"href":"https:\/\/www.manologarciaycia.com\/index.php?rest_route=\/wp\/v2\/posts\/7770\/revisions"}],"predecessor-version":[{"id":7827,"href":"https:\/\/www.manologarciaycia.com\/index.php?rest_route=\/wp\/v2\/posts\/7770\/revisions\/7827"}],"wp:attachment":[{"href":"https:\/\/www.manologarciaycia.com\/index.php?rest_route=%2Fwp%2Fv2%2Fmedia&parent=7770"}],"wp:term":[{"taxonomy":"category","embeddable":true,"href":"https:\/\/www.manologarciaycia.com\/index.php?rest_route=%2Fwp%2Fv2%2Fcategories&post=7770"},{"taxonomy":"post_tag","embeddable":true,"href":"https:\/\/www.manologarciaycia.com\/index.php?rest_route=%2Fwp%2Fv2%2Ftags&post=7770"}],"curies":[{"name":"wp","href":"https:\/\/api.w.org\/{rel}","templated":true}]}}