{"id":777,"date":"2010-09-18T08:36:33","date_gmt":"2010-09-18T07:36:33","guid":{"rendered":"http:\/\/petaos.net\/?p=777"},"modified":"2010-09-18T08:39:26","modified_gmt":"2010-09-18T07:39:26","slug":"eudlf-insurrecion-por-david-villa-y-ana-torroja","status":"publish","type":"post","link":"https:\/\/www.manologarciaycia.com\/?p=777","title":{"rendered":"EUDLF: Insurreci\u00f3n por David Villa y Ana Torroja"},"content":{"rendered":"<p>David Villa debuta como cantante con Ana Torroja. En \u00e9poca de crisis la solidaridad no debe escatimarse y por ello, el delantero del F\u00fatbol Club Barcelona David Villa canta con Ana Torroja &#8216;Insurrecci\u00f3n&#8217;, de El \u00daltimo de la Fila, dentro del proyecto solidario &#8216;X1Fin: juntos por Mali&#8217;.<\/p>\n<p><center><object width=\"640\" height=\"385\"><param name=\"movie\" value=\"http:\/\/www.youtube.com\/v\/w418PNlkX2g?fs=1&amp;hl=es_ES\"><\/param><param name=\"allowFullScreen\" value=\"true\"><\/param><param name=\"allowscriptaccess\" value=\"always\"><\/param><embed src=\"http:\/\/www.youtube.com\/v\/w418PNlkX2g?fs=1&amp;hl=es_ES\" type=\"application\/x-shockwave-flash\" allowscriptaccess=\"always\" allowfullscreen=\"true\" width=\"640\" height=\"385\"><\/embed><\/object><\/center><\/p>\n<p> Gracias a Frang por el aviso y al blog davidvillabest por el enlace al video.<\/p>\n<p>Aunque no son los \u00fanicos que participan en esta iniciativa, ya que junto a ellos m\u00fasicos, actores, deportistas y personalidades del mundo art\u00edstico se unen para un fin solidario con un disco que ver\u00e1 la luz el 23 de noviembre, y un concierto que se celebrar\u00e1 el 23 noviembre en La Farga de L&#8217;Hospitalet (Barcelona).<\/p>\n<p>\u00abLa canci\u00f3n de El \u00daltimo de la Fila nos gustaba tanto a Ana como a m\u00ed. Espero que consigamos que la gente se involucre y compre el disco, porque es una forma muy bonita y sencilla de ayudar a personas que no disponen de las mismas oportunidades que nosotros\u00bb, se\u00f1al\u00f3 el Guaje, que ya ha grabado junto a Ana Torroja este tema en el que &#8216;debutar\u00e1&#8217; como cantante por este fin solidario.<\/p>\n<p>Ana Torroja y David Villa pasan de este modo a formar parte de este proyecto donde confluir\u00e1n referentes de la m\u00fasica espa\u00f1ola como Sidonie, Antonio Orozco, Dani Mart\u00edn, Hombres G, Melendi, Shaila Durcal o Pignoise, as\u00ed como el cocinero Sergi Arola, entre otros.<\/p>\n","protected":false},"excerpt":{"rendered":"<p>David Villa debuta como cantante con Ana Torroja. En \u00e9poca de crisis la solidaridad no debe escatimarse y por ello, el delantero del F\u00fatbol Club Barcelona David Villa canta con Ana Torroja &#8216;Insurrecci\u00f3n&#8217;, de El \u00daltimo de la Fila, dentro del proyecto solidario &#8216;X1Fin: juntos por Mali&#8217;. Gracias a Frang por el aviso y al<a class=\"moretag\" href=\"https:\/\/www.manologarciaycia.com\/?p=777\" title=\"EUDLF: Insurreci\u00f3n por David Villa y Ana Torroja\" target=\"_self\" rel=\"follow\"> <font face=arial size=2>[Leer m\u00e1s]<\/font> <\/a><\/p>\n","protected":false},"author":2,"featured_media":0,"comment_status":"closed","ping_status":"closed","sticky":false,"template":"","format":"standard","meta":{"footnotes":""},"categories":[3,23],"tags":[136],"class_list":["post-777","post","type-post","status-publish","format-standard","hentry","category-el-ultimo-de-la-fila","category-otros","tag-ultimo-fila-insurrecion-manolo-garcia-david-villa-ana-torroja"],"_links":{"self":[{"href":"https:\/\/www.manologarciaycia.com\/index.php?rest_route=\/wp\/v2\/posts\/777","targetHints":{"allow":["GET"]}}],"collection":[{"href":"https:\/\/www.manologarciaycia.com\/index.php?rest_route=\/wp\/v2\/posts"}],"about":[{"href":"https:\/\/www.manologarciaycia.com\/index.php?rest_route=\/wp\/v2\/types\/post"}],"author":[{"embeddable":true,"href":"https:\/\/www.manologarciaycia.com\/index.php?rest_route=\/wp\/v2\/users\/2"}],"replies":[{"embeddable":true,"href":"https:\/\/www.manologarciaycia.com\/index.php?rest_route=%2Fwp%2Fv2%2Fcomments&post=777"}],"version-history":[{"count":3,"href":"https:\/\/www.manologarciaycia.com\/index.php?rest_route=\/wp\/v2\/posts\/777\/revisions"}],"predecessor-version":[{"id":779,"href":"https:\/\/www.manologarciaycia.com\/index.php?rest_route=\/wp\/v2\/posts\/777\/revisions\/779"}],"wp:attachment":[{"href":"https:\/\/www.manologarciaycia.com\/index.php?rest_route=%2Fwp%2Fv2%2Fmedia&parent=777"}],"wp:term":[{"taxonomy":"category","embeddable":true,"href":"https:\/\/www.manologarciaycia.com\/index.php?rest_route=%2Fwp%2Fv2%2Fcategories&post=777"},{"taxonomy":"post_tag","embeddable":true,"href":"https:\/\/www.manologarciaycia.com\/index.php?rest_route=%2Fwp%2Fv2%2Ftags&post=777"}],"curies":[{"name":"wp","href":"https:\/\/api.w.org\/{rel}","templated":true}]}}