{"id":7763,"date":"2013-11-15T07:24:33","date_gmt":"2013-11-15T06:24:33","guid":{"rendered":"http:\/\/www.manologarciaycia.com\/?p=7763"},"modified":"2013-11-20T10:19:09","modified_gmt":"2013-11-20T09:19:09","slug":"mg-para-vender-discos-y-ser-feliz-hay-que-ser-sincero-honesto-y-no-contar-mentiras","status":"publish","type":"post","link":"https:\/\/www.manologarciaycia.com\/?p=7763","title":{"rendered":"MG: \u00abPara vender discos y ser feliz, hay que ser sincero, honesto y no contar mentiras\u00bb"},"content":{"rendered":"<p>El cantante y compositor Manolo Garc\u00eda ofreci\u00f3 una conferencia en la Universidad Europea Miguel de Cervantes (UEMC) que con el t\u00edtulo &#8216;Perspectivas sobre la creaci\u00f3n art\u00edstica y la gesti\u00f3n cultural&#8217; desgran\u00f3 sobre su experiencia como m\u00fasico, productor, fot\u00f3grafo y artista pl\u00e1stico. \u00abLa clave para triunfar, vender discos y ser feliz es tener pasi\u00f3n por lo que haces, muchas ganas de trabajar y mejorar y ser honesto, sincero y no contar mentiras. Por la experiencia que tengo, solamente siendo fiel a ti mismo puedes llegar a conseguir aquello que deseas. Y te das cuenta de que, cuando lo has conseguido, ha sido porque lo ten\u00edas claro y has luchado con honestidad para lograrlo\u00bb.<\/p>\n<p>\u00abYo desde ni\u00f1o tuve claro que quer\u00eda ser m\u00fasico y quer\u00eda pintar. Recuerdo que mi padre me busc\u00f3 un trabajo en los Altos Hornos donde \u00e9l trabajaba, eso s\u00ed en la oficina,para que no estuviera cargando vigas de hierro, pero yo le dije que no quer\u00eda. No quer\u00eda trabajar en algo que no me gustaba, quer\u00eda dedicarme a esto, a la m\u00fasica.<\/p>\n<p><a href=\"http:\/\/www.manologarciaycia.com\/wp-content\/uploads\/2013\/11\/MG_UEMC_Of_3.jpg\" class=\"lightbox\"><img loading=\"lazy\" decoding=\"async\" class=\"aligncenter size-large wp-image-7764\" alt=\"MANOLO GARCIA K4.jpg\" src=\"http:\/\/www.manologarciaycia.com\/wp-content\/uploads\/2013\/11\/MG_UEMC_Of_3-1024x571.jpg\" width=\"550\" height=\"306\" srcset=\"https:\/\/www.manologarciaycia.com\/wp-content\/uploads\/2013\/11\/MG_UEMC_Of_3-1024x571.jpg 1024w, https:\/\/www.manologarciaycia.com\/wp-content\/uploads\/2013\/11\/MG_UEMC_Of_3-300x167.jpg 300w, https:\/\/www.manologarciaycia.com\/wp-content\/uploads\/2013\/11\/MG_UEMC_Of_3.jpg 1614w\" sizes=\"auto, (max-width: 550px) 100vw, 550px\" \/><\/a><br \/>\nHagas lo que hagas, hay que mantener la dignidad. Si te dedicas a algo relacionado con la cultura es maravilloso, es un trabajo que ya de por si ilumina, es brillante. Si, adem\u00e1s, te gusta y triunfas, es la mayor felicidad que te puedes encontrar\u00bb.<\/p>\n<p>Manolo Garc\u00eda reconoce que \u00abno fui profesional hasta los 30 a\u00f1os, pero ten\u00eda claro lo que quer\u00eda y adem\u00e1s me fui dando cuenta de que yo quer\u00eda ser mi propio gestor, despu\u00e9s de muchos enga\u00f1os, desilusiones por parte de las discogr\u00e1ficas\u00bb.<\/p>\n<p>\u00abMi grupo era Los R\u00e1pidos, porque empezamos siendo unos cr\u00edos de 17 a\u00f1os que toc\u00e1bamos en el barrio. Cuando esa m\u00fasica empez\u00f3 a tener algo de \u00e9xito, nos quisieron imponer un letrista, justo lo que yo hac\u00eda, y nos negamos. Nos amenazaron con no volver a tocar ni a grabar\u00bb.<\/p>\n<p>Ante esto, para enfrentarte a una multinacional, hay que utilizar una t\u00e1ctica de guerrilas. Nos cambiamos de nombre para seguir haciendo lo que nos gustaba, lo que quer\u00edamos hacer. Nos pas\u00f3 lo mismo y creamos El \u00daltimo de la Fila, con el que ya tuvimos un gran \u00e9xito\u00bb.<\/p>\n<p>Fuente: El Norte de Castilla &#8211; <a href=\"http:\/\/www.elnortedecastilla.es\/20131114\/cultura\/para-vender-discos-feliz-201311141725.html\" target=\"_new\">ENLACE<\/a> &#8211; Galer\u00eda Fotogr\u00e1fica: <a href=\"http:\/\/www.elnortedecastilla.es\/multimedia\/fotos\/valladolid\/20131114\/manolo-garcia-ofrece-conferencia-3063785931332-mm.html\" target=\"_new\">ENLACE<\/a><\/p>\n","protected":false},"excerpt":{"rendered":"<p>El cantante y compositor Manolo Garc\u00eda ofreci\u00f3 una conferencia en la Universidad Europea Miguel de Cervantes (UEMC) que con el t\u00edtulo &#8216;Perspectivas sobre la creaci\u00f3n art\u00edstica y la gesti\u00f3n cultural&#8217; desgran\u00f3 sobre su experiencia como m\u00fasico, productor, fot\u00f3grafo y artista pl\u00e1stico. \u00abLa clave para triunfar, vender discos y ser feliz es tener pasi\u00f3n por lo<a class=\"moretag\" href=\"https:\/\/www.manologarciaycia.com\/?p=7763\" title=\"MG: \u00abPara vender discos y ser feliz, hay que ser sincero, honesto y no contar mentiras\u00bb\" target=\"_self\" rel=\"follow\"> <font face=arial size=2>[Leer m\u00e1s]<\/font> <\/a><\/p>\n","protected":false},"author":2,"featured_media":0,"comment_status":"closed","ping_status":"closed","sticky":false,"template":"","format":"standard","meta":{"footnotes":""},"categories":[1],"tags":[],"class_list":["post-7763","post","type-post","status-publish","format-standard","hentry","category-manolo-garcia"],"_links":{"self":[{"href":"https:\/\/www.manologarciaycia.com\/index.php?rest_route=\/wp\/v2\/posts\/7763","targetHints":{"allow":["GET"]}}],"collection":[{"href":"https:\/\/www.manologarciaycia.com\/index.php?rest_route=\/wp\/v2\/posts"}],"about":[{"href":"https:\/\/www.manologarciaycia.com\/index.php?rest_route=\/wp\/v2\/types\/post"}],"author":[{"embeddable":true,"href":"https:\/\/www.manologarciaycia.com\/index.php?rest_route=\/wp\/v2\/users\/2"}],"replies":[{"embeddable":true,"href":"https:\/\/www.manologarciaycia.com\/index.php?rest_route=%2Fwp%2Fv2%2Fcomments&post=7763"}],"version-history":[{"count":3,"href":"https:\/\/www.manologarciaycia.com\/index.php?rest_route=\/wp\/v2\/posts\/7763\/revisions"}],"predecessor-version":[{"id":7830,"href":"https:\/\/www.manologarciaycia.com\/index.php?rest_route=\/wp\/v2\/posts\/7763\/revisions\/7830"}],"wp:attachment":[{"href":"https:\/\/www.manologarciaycia.com\/index.php?rest_route=%2Fwp%2Fv2%2Fmedia&parent=7763"}],"wp:term":[{"taxonomy":"category","embeddable":true,"href":"https:\/\/www.manologarciaycia.com\/index.php?rest_route=%2Fwp%2Fv2%2Fcategories&post=7763"},{"taxonomy":"post_tag","embeddable":true,"href":"https:\/\/www.manologarciaycia.com\/index.php?rest_route=%2Fwp%2Fv2%2Ftags&post=7763"}],"curies":[{"name":"wp","href":"https:\/\/api.w.org\/{rel}","templated":true}]}}