{"id":7757,"date":"2013-11-15T07:17:31","date_gmt":"2013-11-15T06:17:31","guid":{"rendered":"http:\/\/www.manologarciaycia.com\/?p=7757"},"modified":"2013-11-20T10:19:21","modified_gmt":"2013-11-20T09:19:21","slug":"mg-el-musico-manolo-garcia-protagoniza-un-encuentro-centrado-en-la-creacion-artistica-y-la-gestion-cultural","status":"publish","type":"post","link":"https:\/\/www.manologarciaycia.com\/?p=7757","title":{"rendered":"MG: El m\u00fasico Manolo Garc\u00eda protagoniza un encuentro centrado en la creaci\u00f3n art\u00edstica y la gesti\u00f3n cultural"},"content":{"rendered":"<p><a href=\"http:\/\/www.manologarciaycia.com\/wp-content\/uploads\/2013\/11\/MG_UEMC_Of_2.jpg\" class=\"lightbox\"><img loading=\"lazy\" decoding=\"async\" class=\"alignright size-thumbnail wp-image-7758\" alt=\"MG_UEMC_Of_2\" src=\"http:\/\/www.manologarciaycia.com\/wp-content\/uploads\/2013\/11\/MG_UEMC_Of_2-150x150.jpg\" width=\"150\" height=\"150\" \/><\/a> El artista barcelon\u00e9s habla sobre su experiencia como m\u00fasico, productor, fot\u00f3grafo y artista pl\u00e1stico en una actividad enmarcada en el M\u00e1ster en Gesti\u00f3n y Direcci\u00f3n de Industrias Creativas y Art\u00edsticas<\/p>\n<p>El cantante y compositor Manolo Garc\u00eda ha protagonizado hoy una mesa redonda en la Universidad Europea Miguel de Cervantes (UEMC) de Valladolid que ha llevado por t\u00edtulo \u201cPerspectivas sobre la creaci\u00f3n art\u00edstica y la gesti\u00f3n cultural\u201d en la que el artista barcelon\u00e9s ha hablado sobre su experiencia como m\u00fasico, productor, fot\u00f3grafo y artista pl\u00e1stico. Tras la masterclass los asistentes han podido intercambiar palabras con el cantante.<\/p>\n<p><a href=\"http:\/\/www.manologarciaycia.com\/wp-content\/uploads\/2013\/11\/MG_UEMC_Of_1.jpg\" class=\"lightbox\"><img loading=\"lazy\" decoding=\"async\" class=\"aligncenter size-large wp-image-7759\" alt=\"MG_UEMC_Of_1\" src=\"http:\/\/www.manologarciaycia.com\/wp-content\/uploads\/2013\/11\/MG_UEMC_Of_1-1024x429.jpg\" width=\"550\" height=\"230\" srcset=\"https:\/\/www.manologarciaycia.com\/wp-content\/uploads\/2013\/11\/MG_UEMC_Of_1-1024x429.jpg 1024w, https:\/\/www.manologarciaycia.com\/wp-content\/uploads\/2013\/11\/MG_UEMC_Of_1-300x125.jpg 300w, https:\/\/www.manologarciaycia.com\/wp-content\/uploads\/2013\/11\/MG_UEMC_Of_1.jpg 1575w\" sizes=\"auto, (max-width: 550px) 100vw, 550px\" \/><\/a><\/p>\n","protected":false},"excerpt":{"rendered":"<p>El artista barcelon\u00e9s habla sobre su experiencia como m\u00fasico, productor, fot\u00f3grafo y artista pl\u00e1stico en una actividad enmarcada en el M\u00e1ster en Gesti\u00f3n y Direcci\u00f3n de Industrias Creativas y Art\u00edsticas El cantante y compositor Manolo Garc\u00eda ha protagonizado hoy una mesa redonda en la Universidad Europea Miguel de Cervantes (UEMC) de Valladolid que ha llevado<a class=\"moretag\" href=\"https:\/\/www.manologarciaycia.com\/?p=7757\" title=\"MG: El m\u00fasico Manolo Garc\u00eda protagoniza un encuentro centrado en la creaci\u00f3n art\u00edstica y la gesti\u00f3n cultural\" target=\"_self\" rel=\"follow\"> <font face=arial size=2>[Leer m\u00e1s]<\/font> <\/a><\/p>\n","protected":false},"author":2,"featured_media":0,"comment_status":"closed","ping_status":"closed","sticky":false,"template":"","format":"standard","meta":{"footnotes":""},"categories":[1],"tags":[],"class_list":["post-7757","post","type-post","status-publish","format-standard","hentry","category-manolo-garcia"],"_links":{"self":[{"href":"https:\/\/www.manologarciaycia.com\/index.php?rest_route=\/wp\/v2\/posts\/7757","targetHints":{"allow":["GET"]}}],"collection":[{"href":"https:\/\/www.manologarciaycia.com\/index.php?rest_route=\/wp\/v2\/posts"}],"about":[{"href":"https:\/\/www.manologarciaycia.com\/index.php?rest_route=\/wp\/v2\/types\/post"}],"author":[{"embeddable":true,"href":"https:\/\/www.manologarciaycia.com\/index.php?rest_route=\/wp\/v2\/users\/2"}],"replies":[{"embeddable":true,"href":"https:\/\/www.manologarciaycia.com\/index.php?rest_route=%2Fwp%2Fv2%2Fcomments&post=7757"}],"version-history":[{"count":5,"href":"https:\/\/www.manologarciaycia.com\/index.php?rest_route=\/wp\/v2\/posts\/7757\/revisions"}],"predecessor-version":[{"id":7831,"href":"https:\/\/www.manologarciaycia.com\/index.php?rest_route=\/wp\/v2\/posts\/7757\/revisions\/7831"}],"wp:attachment":[{"href":"https:\/\/www.manologarciaycia.com\/index.php?rest_route=%2Fwp%2Fv2%2Fmedia&parent=7757"}],"wp:term":[{"taxonomy":"category","embeddable":true,"href":"https:\/\/www.manologarciaycia.com\/index.php?rest_route=%2Fwp%2Fv2%2Fcategories&post=7757"},{"taxonomy":"post_tag","embeddable":true,"href":"https:\/\/www.manologarciaycia.com\/index.php?rest_route=%2Fwp%2Fv2%2Ftags&post=7757"}],"curies":[{"name":"wp","href":"https:\/\/api.w.org\/{rel}","templated":true}]}}