{"id":7739,"date":"2013-11-14T10:16:41","date_gmt":"2013-11-14T09:16:41","guid":{"rendered":"http:\/\/www.manologarciaycia.com\/?p=7739"},"modified":"2013-11-20T10:19:29","modified_gmt":"2013-11-20T09:19:29","slug":"mg-la-subida-del-iva-cultural-es-un-grave-error-una-operacion-de-acoso-y-derribo","status":"publish","type":"post","link":"https:\/\/www.manologarciaycia.com\/?p=7739","title":{"rendered":"MG: \u00abLa subida del IVA cultural es un grave error, una operaci\u00f3n de acoso y derribo\u00bb"},"content":{"rendered":"<p><a href=\"http:\/\/www.manologarciaycia.com\/wp-content\/uploads\/2013\/11\/MG_DV.jpg\" class=\"lightbox\"><img loading=\"lazy\" decoding=\"async\" class=\"alignleft size-medium wp-image-7740\" alt=\"MG_DV\" src=\"http:\/\/www.manologarciaycia.com\/wp-content\/uploads\/2013\/11\/MG_DV-300x214.jpg\" width=\"300\" height=\"214\" srcset=\"https:\/\/www.manologarciaycia.com\/wp-content\/uploads\/2013\/11\/MG_DV-300x214.jpg 300w, https:\/\/www.manologarciaycia.com\/wp-content\/uploads\/2013\/11\/MG_DV.jpg 644w\" sizes=\"auto, (max-width: 300px) 100vw, 300px\" \/><\/a> M\u00e1s de tres d\u00e9cadas en la carretera y en lo m\u00e1s alto de las listas de ventas no han conseguido que el cantante Manolo Garc\u00eda (Barcelona, 1955) deje de tener los pies en el suelo. Muy comprometido con distintas causas sociales, hoy estar\u00e1 en la Universidad Europea Miguel de Cervantes desde las 12.00 horas para charlar sobre creaci\u00f3n art\u00edstica y gesti\u00f3n cultural.<\/p>\n<p><strong>\u00bfQu\u00e9 perspectivas profesionales puede tener hoy en d\u00eda en Espa\u00f1a un joven que quiera dedicar su vida a cualquier disciplina art\u00edstica?<\/strong><br \/>\nLas cosas est\u00e1n cambiando a una velocidad de v\u00e9rtigo. En cualquier disciplina laboral los derechos adquiridos durante d\u00e9cadas est\u00e1n cambiando, y no para bien. Pero la tarea creativa tiene una compensaci\u00f3n espiritual para el que la realiza. Es algo que te llena. Es cierto que los momentos no son los mejores, pero estamos todos en el mismo barco. La gente joven que quiera empezar a formarse en la creaci\u00f3n y gesti\u00f3n cultural tiene que tirar hacia adelante con todas las ganas. La cultura est\u00e1 recibiendo el mazazo que todos sabemos con ese IVA desmesurado. Es un grave error, una operaci\u00f3n de acoso y derribo, pero no hay que echarse las manos a la cabeza. Hay que seguir peleando de forma pac\u00edfica porque sin cultura el mundo se queda cojo.<\/p>\n<p><strong>\u00bfEl 21% de IVA ha sido tan catastr\u00f3fico como se preve\u00eda?<\/strong><br \/>\nS\u00ed. Lo que hace es todo lo contrario a lo que supuestamente se pretende. Tumba puestos de trabajo, cierra salas, resta iniciativas y acobarda al emprendedor. Est\u00e1 demostrado en el cine, un sector al que recientemente se le ha insultado al decir que su trabajo es malo, cosa que no es cierta. Lo que el cine paga a Hacienda supera con creces lo que recibe del Estado. El otro d\u00eda le\u00eda en prensa que las ventas en las galer\u00edas de arte hab\u00edan ca\u00eddo en un porcentaje brutal y yo s\u00e9 que en Barcelona est\u00e1n cerrando muchas. La gente se va a comprar fuera porque paga menos impuestos.<\/p>\n<p><\/p>\n<p><strong>Aunque su faceta m\u00e1s conocida es la musical, usted se ha desarrollado en otros campos, como la pintura y la fotograf\u00eda. \u00bfEn cu\u00e1l se siente m\u00e1s c\u00f3modo?<\/strong><br \/>\nColman diferentes inquietudes y para m\u00ed son disciplinas complementarias. Desde joven he tenido muchas ganas de pintar. Estudi\u00e9 dise\u00f1o gr\u00e1fico y me he ganado la vida con ello hasta los 30 a\u00f1os. Para m\u00ed, pintar es un calmante, sirve para apaciguar el d\u00eda; y componer, para excitarlo. Son diferentes medicinas que suben y bajan el \u00e1nimo, pero todas me interesan porque todo es vida y reafirmaci\u00f3n de la existencia.<\/p>\n<p><strong>\u00bfConseguir\u00e1n las nuevas tecnolog\u00edas y los creadores un espacio de armon\u00eda que les permita vivir en paz?<\/strong><br \/>\nEs muy dif\u00edcil. Hay muchas personas que viven de estas disciplinas art\u00edsticas, de unos trabajos que hay que vender. Pero de repente han surgido unas personas que nadie conoce y que han decidido que lo que nosotros hacemos lo van a utilizar ellos para sus grandes negocios. Y no nos lo van a pagar. Por eso es dif\u00edcil armonizar la situaci\u00f3n. Alguien tiene que manejar todas las posibilidades que hay en Internet y repartir equitativamente. El Gobierno no ha regulado nada. Mucha Ley Sinde, pero aqu\u00ed se sigue haciendo un expolio completamente injusto. Cuando la gasolina, el pan y la leche sean gratis, tambi\u00e9n estar\u00e9 de acuerdo en que la m\u00fasica y la pintura lo sean. Por otro lado, he de reconocer que en la \u00e9poca de los CD los discos no val\u00edan lo que costaban. Era excesivo.<\/p>\n<p><strong>Siempre se ha mostrado muy cercano a causas sociales. Incluso en sus \u00faltimos conciertos ha hecho gui\u00f1os a los movimientos sociales cr\u00edticos que han surgido con la crisis. \u00bfSe est\u00e1 eligiendo el mejor camino para salir de esta situaci\u00f3n?<\/strong><br \/>\nEl camino no lo est\u00e1 eligiendo la ciudadan\u00eda. Los pol\u00edticos est\u00e1n intentando poner unas tiritas a algo que ha fracasado para que todo siga igual. Un mundo en desigualdad es un mundo en el que se sobrevive. Hay mucha gente pas\u00e1ndolo mal, es una indecencia. Por eso estoy de acuerdo con esa gente que se queja. Se est\u00e1 rebajando al obrero a la condici\u00f3n de esclavo. Se le dice que se le reduce el 40% de sueldo y que d\u00e9 gracias por conservar el trabajo. Es humillante.<\/p>\n<p><strong>\u00bfQu\u00e9 queda del Manolo Garc\u00eda de El \u00daltimo de la Fila?<\/strong><br \/>\nSoy otra persona, porque todos evolucionamos, pero hay una esencia que se descubre en mi discurso. La ilusi\u00f3n es mucho mayor que antes. Oigo m\u00e1s m\u00fasica, leo y pinto m\u00e1s que nunca. Y ahora estoy encantado de ir a Valladolid a hablar con gente joven porque no voy a soltar un mon\u00f3logo, tambi\u00e9n me interesa saber qu\u00e9 tienen que decir.<\/p>\n<p><strong>No es muy habitual que un artista con este recorrido se muestre tan accesible&#8230;<\/strong><br \/>\nNunca he levantado los pies del suelo ni me he cre\u00eddo superior a nadie por una cierta popularidad. Es un orgullo decir que vengo de familia de obreros, gente del campo que era analfabeta hasta que lleg\u00f3 a la gran ciudad. Su comportamiento y su humildad es un orgullo para m\u00ed. Me he criado en un barrio obrero, s\u00e9 lo que la gente sufre para ganar un sueldo y llegar a fin de mes.<\/p>\n<p><strong>\u00bfPara cu\u00e1ndo nuevo disco?<\/strong><br \/>\nEstoy con una exposici\u00f3n de pintura que estar\u00e1 abierta hasta el d\u00eda 20 de diciembre en Barcelona. Despu\u00e9s de Navidad me pondr\u00e9 a grabar porque tengo bastantes canciones nuevas y mucha ilusi\u00f3n por empezar. Supongo que el a\u00f1o que viene voy para adelante con el disco nuevo.<\/p>\n<p>Fuente: El D\u00eda de Valladolid &#8211; <a href=\"http:\/\/www.eldiadevalladolid.com\/noticia\/Z3DA6D366-A5CC-D5A6-23074301083936B5\/20131114\/manolo\/garcia\/subida\/iva\/cultural\/es\/grave\/error\/operacion\/acoso\/derribo\" target=\"_new\">ENLACE<\/a><\/p>\n","protected":false},"excerpt":{"rendered":"<p>M\u00e1s de tres d\u00e9cadas en la carretera y en lo m\u00e1s alto de las listas de ventas no han conseguido que el cantante Manolo Garc\u00eda (Barcelona, 1955) deje de tener los pies en el suelo. Muy comprometido con distintas causas sociales, hoy estar\u00e1 en la Universidad Europea Miguel de Cervantes desde las 12.00 horas para<a class=\"moretag\" href=\"https:\/\/www.manologarciaycia.com\/?p=7739\" title=\"MG: \u00abLa subida del IVA cultural es un grave error, una operaci\u00f3n de acoso y derribo\u00bb\" target=\"_self\" rel=\"follow\"> <font face=arial size=2>[Leer m\u00e1s]<\/font> <\/a><\/p>\n","protected":false},"author":2,"featured_media":0,"comment_status":"closed","ping_status":"closed","sticky":false,"template":"","format":"standard","meta":{"footnotes":""},"categories":[1],"tags":[],"class_list":["post-7739","post","type-post","status-publish","format-standard","hentry","category-manolo-garcia"],"_links":{"self":[{"href":"https:\/\/www.manologarciaycia.com\/index.php?rest_route=\/wp\/v2\/posts\/7739","targetHints":{"allow":["GET"]}}],"collection":[{"href":"https:\/\/www.manologarciaycia.com\/index.php?rest_route=\/wp\/v2\/posts"}],"about":[{"href":"https:\/\/www.manologarciaycia.com\/index.php?rest_route=\/wp\/v2\/types\/post"}],"author":[{"embeddable":true,"href":"https:\/\/www.manologarciaycia.com\/index.php?rest_route=\/wp\/v2\/users\/2"}],"replies":[{"embeddable":true,"href":"https:\/\/www.manologarciaycia.com\/index.php?rest_route=%2Fwp%2Fv2%2Fcomments&post=7739"}],"version-history":[{"count":4,"href":"https:\/\/www.manologarciaycia.com\/index.php?rest_route=\/wp\/v2\/posts\/7739\/revisions"}],"predecessor-version":[{"id":7832,"href":"https:\/\/www.manologarciaycia.com\/index.php?rest_route=\/wp\/v2\/posts\/7739\/revisions\/7832"}],"wp:attachment":[{"href":"https:\/\/www.manologarciaycia.com\/index.php?rest_route=%2Fwp%2Fv2%2Fmedia&parent=7739"}],"wp:term":[{"taxonomy":"category","embeddable":true,"href":"https:\/\/www.manologarciaycia.com\/index.php?rest_route=%2Fwp%2Fv2%2Fcategories&post=7739"},{"taxonomy":"post_tag","embeddable":true,"href":"https:\/\/www.manologarciaycia.com\/index.php?rest_route=%2Fwp%2Fv2%2Ftags&post=7739"}],"curies":[{"name":"wp","href":"https:\/\/api.w.org\/{rel}","templated":true}]}}