{"id":7736,"date":"2013-11-18T08:49:01","date_gmt":"2013-11-18T07:49:01","guid":{"rendered":"http:\/\/www.manologarciaycia.com\/?p=7736"},"modified":"2013-11-20T10:14:40","modified_gmt":"2013-11-20T09:14:40","slug":"mg-en-concierto-con-alejandro-sanz-en-telecinco-el-lunes","status":"publish","type":"post","link":"https:\/\/www.manologarciaycia.com\/?p=7736","title":{"rendered":"MG: En Concierto con Alejandro Sanz en Telecinco esta noche a las 01:00"},"content":{"rendered":"<p><a href=\"http:\/\/www.manologarciaycia.com\/wp-content\/uploads\/2013\/06\/MG_Ensayos2_concierto_AlejandroSanz.jpg\" class=\"lightbox\"><img loading=\"lazy\" decoding=\"async\" class=\"wp-image-6909 alignleft\" alt=\"MG_Ensayos2_concierto_AlejandroSanz\" Title=\"MG_Ensayos2_concierto_AlejandroSanz\" src=\"http:\/\/www.manologarciaycia.com\/wp-content\/uploads\/2013\/06\/MG_Ensayos2_concierto_AlejandroSanz.jpg\" width=\"330\" height=\"254\" srcset=\"https:\/\/www.manologarciaycia.com\/wp-content\/uploads\/2013\/06\/MG_Ensayos2_concierto_AlejandroSanz.jpg 550w, https:\/\/www.manologarciaycia.com\/wp-content\/uploads\/2013\/06\/MG_Ensayos2_concierto_AlejandroSanz-300x230.jpg 300w\" sizes=\"auto, (max-width: 330px) 100vw, 330px\" \/><\/a><\/p>\n<p>Ayer Telecinco anunci\u00f3 que emitir\u00e1 el concierto de Alejandro Sanz en Sevilla, con la actuaci\u00f3n de Manolo Garc\u00eda y otros artistas, el pr\u00f3ximo lunes 18\/nov. por la noche (mueven La Voz a los mi\u00e9rcoles). Primero emiten un documental o algo parecido y luego el concierto. Lo llaman \u00abLa noche de la Musica\u00bb.<\/p>\n<p><strong>Seg\u00fan Telecinco: Despu\u00e9s de la nueva gala de la Voz (o sea m\u00e1s all\u00e1 de las 01:00) Telecinco emitir\u00e1 un concierto especial de Alejandro Sanz, en el que artistas como Mal\u00fa, David Bisbal o Pablo Albor\u00e1n le acompa\u00f1ar\u00e1n sobre el escenario.<\/strong><\/p>\n<p>Fuente: Telecinco y Noelia Carcedo (gracias) &#8211; <a href=\"http:\/\/www.telecinco.es\/lavoz\/voz-edicion-2\/Voz-Alejandro-Sanz-concierto-Telecinco_2_1700505025.html\" target=\"_new\">ENLACE<\/a><\/p>\n","protected":false},"excerpt":{"rendered":"<p>Ayer Telecinco anunci\u00f3 que emitir\u00e1 el concierto de Alejandro Sanz en Sevilla, con la actuaci\u00f3n de Manolo Garc\u00eda y otros artistas, el pr\u00f3ximo lunes 18\/nov. por la noche (mueven La Voz a los mi\u00e9rcoles). Primero emiten un documental o algo parecido y luego el concierto. Lo llaman \u00abLa noche de la Musica\u00bb. Seg\u00fan Telecinco: Despu\u00e9s<a class=\"moretag\" href=\"https:\/\/www.manologarciaycia.com\/?p=7736\" title=\"MG: En Concierto con Alejandro Sanz en Telecinco esta noche a las 01:00\" target=\"_self\" rel=\"follow\"> <font face=arial size=2>[Leer m\u00e1s]<\/font> <\/a><\/p>\n","protected":false},"author":2,"featured_media":0,"comment_status":"closed","ping_status":"closed","sticky":false,"template":"","format":"standard","meta":{"footnotes":""},"categories":[1,23],"tags":[],"class_list":["post-7736","post","type-post","status-publish","format-standard","hentry","category-manolo-garcia","category-otros"],"_links":{"self":[{"href":"https:\/\/www.manologarciaycia.com\/index.php?rest_route=\/wp\/v2\/posts\/7736","targetHints":{"allow":["GET"]}}],"collection":[{"href":"https:\/\/www.manologarciaycia.com\/index.php?rest_route=\/wp\/v2\/posts"}],"about":[{"href":"https:\/\/www.manologarciaycia.com\/index.php?rest_route=\/wp\/v2\/types\/post"}],"author":[{"embeddable":true,"href":"https:\/\/www.manologarciaycia.com\/index.php?rest_route=\/wp\/v2\/users\/2"}],"replies":[{"embeddable":true,"href":"https:\/\/www.manologarciaycia.com\/index.php?rest_route=%2Fwp%2Fv2%2Fcomments&post=7736"}],"version-history":[{"count":15,"href":"https:\/\/www.manologarciaycia.com\/index.php?rest_route=\/wp\/v2\/posts\/7736\/revisions"}],"predecessor-version":[{"id":7824,"href":"https:\/\/www.manologarciaycia.com\/index.php?rest_route=\/wp\/v2\/posts\/7736\/revisions\/7824"}],"wp:attachment":[{"href":"https:\/\/www.manologarciaycia.com\/index.php?rest_route=%2Fwp%2Fv2%2Fmedia&parent=7736"}],"wp:term":[{"taxonomy":"category","embeddable":true,"href":"https:\/\/www.manologarciaycia.com\/index.php?rest_route=%2Fwp%2Fv2%2Fcategories&post=7736"},{"taxonomy":"post_tag","embeddable":true,"href":"https:\/\/www.manologarciaycia.com\/index.php?rest_route=%2Fwp%2Fv2%2Ftags&post=7736"}],"curies":[{"name":"wp","href":"https:\/\/api.w.org\/{rel}","templated":true}]}}