{"id":7731,"date":"2013-11-13T13:01:17","date_gmt":"2013-11-13T12:01:17","guid":{"rendered":"http:\/\/www.manologarciaycia.com\/?p=7731"},"modified":"2014-11-13T07:29:27","modified_gmt":"2014-11-13T06:29:27","slug":"mg-musico-pintor-y-rebelde","status":"publish","type":"post","link":"https:\/\/www.manologarciaycia.com\/?p=7731","title":{"rendered":"MG: M\u00fasico , pintor y rebelde"},"content":{"rendered":"<p><a href=\"http:\/\/www.manologarciaycia.com\/wp-content\/uploads\/2013\/11\/MG_T.jpg\"><img loading=\"lazy\" decoding=\"async\" src=\"http:\/\/www.manologarciaycia.com\/wp-content\/uploads\/2013\/11\/MG_T-300x248.jpg\" alt=\"Entrevista a Manolo\" width=\"300\" height=\"248\" class=\"alignright size-medium wp-image-7732\" srcset=\"https:\/\/www.manologarciaycia.com\/wp-content\/uploads\/2013\/11\/MG_T-300x248.jpg 300w, https:\/\/www.manologarciaycia.com\/wp-content\/uploads\/2013\/11\/MG_T.jpg 800w\" sizes=\"auto, (max-width: 300px) 100vw, 300px\" \/><\/a> La Tach\u00e9 Gallery de Barcelona abre hoy una exposici\u00f3n con la obra pl\u00e1stica m\u00e1s reciente de Manolo Garc\u00eda , que por primera vez en mucho tiempo estar\u00e1 a la venta. <i><b>\u00bb Van contra los artistas . Es l\u00f3gico que el arte quiera morir matando \u00ab<\/b><\/i>.<\/p>\n<p>El 4 de diciembre del a\u00f1o pasado , el cantante Manolo Garc\u00eda ( Barcelona , 1955 ) acab\u00f3 exhausto de su gira . Al d\u00eda siguiente , comenz\u00f3 a pintar como un loco . Algunos d\u00edas , entre seis y siete horas . As\u00ed se relaj\u00f3 . Garc\u00eda tiene alma de pintor desde que era un cr\u00edo. Sus triunfos musicales no la han apartado nunca de los pinceles ; m\u00e1s aun , los necesita con urgencia cuando baja de los escenarios . \u00abPara m\u00ed la pintura es una reafirmaci\u00f3n existencial . Necesito pintar para sentir que estoy aqu\u00ed , que todos estamos aqu\u00ed \u00bb , exclama . De exposiciones ha hecho , pero la que abre hoy La Tach\u00e9 Gallery de Barcelona , Sub -realista , es especial : por primera vez en 25 a\u00f1os , sus obras estar\u00e1n a la venta .<\/p>\n<p>Son 21 \u00f3leos sobre lienzo y tabla , creados este \u00faltimo a\u00f1o , y 19 fotograf\u00edas de diferentes viajes , en blanco y negro para no agredir el colorismo de unas pinturas que el ex miembro de El \u00daltimo de la Fila dice que la enfrentan a sus \u00bb miedos , fobias y filias \u00bb . \u00bb Los conciertos me agota y con la pintura me reencuentro conmigo mismo , con un yo que se pierde en medio de las multitudes de los conciertos . Cuando pintas est\u00e1s solo . Me da calma y plenitud \u00bb , insiste. Asegura que de su faceta de pintor no espera satisfacer el ego , que tiene m\u00e1s que satisfecho como m\u00fasico . Se siente muy lejos de la vanidad del artista y proclama que la raz\u00f3n de ser del arte es su utilidad social . \u00abEl arte s\u00f3lo tiene sentido si se puede compartir y si aporta cosas a la gente \u00bb , subraya .<\/p>\n<p>Garc\u00eda escucha m\u00fasica mientras pinta . Casi nunca de su . Led Zeppelin , Pink Floyd &#8230; y uno de los \u00e1lbumes que m\u00e1s le motivan a hacer correr la pintura es Mar\u00eda, de Adri\u00e0 Punt\u00ed . Cuando est\u00e1 de gira , tampoco se olvida del todo de su obra pl\u00e1stica , desaz\u00f3n que resuelve sobre algunos papeles. En cuanto a las fotograf\u00edas, es un \u00edmpetu que le sale de su obsesi\u00f3n de observar \u00bb sorprendido \u00bb el mundo y el comportamiento humano .<\/p>\n<p>Hasta hace poco , se sent\u00eda un amateur , pero en los \u00faltimos tiempos ha visto como su obra crec\u00eda y eso le ha dado m\u00e1s convicci\u00f3n por considerarse pintor . \u00abHe perdido muchos complejos \u00bb , a\u00f1ade. Reniega del arte amable y comercial y s\u00f3lo le interesa reflejar las inquietudes que custodia su interior . De aqu\u00ed salen unos paisajes y unos personajes que invocan unos universos pr\u00f3ximos al surrealismo . De amable , nada. Hay un influjo muy tortuoso en toda su pintura . Y Garc\u00eda lo relaciona con el malestar social de nuestra convulsa realidad : \u00abEstoy muy enfadado con el mundo de hoy , yo creo todav\u00eda en las utop\u00edas de Mayo del 68 . Lo est\u00e1n destruyendo todo , y la cultura la quieren aniquilar . Por eso mi obra , como la de muchos otros artistas contempor\u00e1neos , tiene ese punto de mala leche y de rebeli\u00f3n . Van contra nosotros , es l\u00f3gico que el arte quiera morir matando . \u00bb<\/p>\n<p>Las obras que expone en La Tach\u00e9 Gallery est\u00e1n a la venta , s\u00ed, pero Garc\u00eda no se embolsar\u00e1 un euro . Todo lo destinar\u00e1 a obra social . \u00bb No es un tema de querer ir de buen chico , sino de ser coherente . Yo la vida me la gano con la m\u00fasica \u00bb , concluye .<\/p>\n<p>Fuente: El Punt Avui &#8211; Maria Palau &#8211; <a href='http:\/\/www.elpuntavui.cat\/noticia\/article\/5-cultura\/19-cultura\/691813-music-pintor-i-rebel.html' target=_new>ENLACE<\/a> al original en Catal\u00e0 &#8211; Foto: Oriol Dur\u00e1n<\/p>\n","protected":false},"excerpt":{"rendered":"<p>La Tach\u00e9 Gallery de Barcelona abre hoy una exposici\u00f3n con la obra pl\u00e1stica m\u00e1s reciente de Manolo Garc\u00eda , que por primera vez en mucho tiempo estar\u00e1 a la venta. \u00bb Van contra los artistas . Es l\u00f3gico que el arte quiera morir matando \u00ab. El 4 de diciembre del a\u00f1o pasado , el cantante<a class=\"moretag\" href=\"https:\/\/www.manologarciaycia.com\/?p=7731\" title=\"MG: M\u00fasico , pintor y rebelde\" target=\"_self\" rel=\"follow\"> <font face=arial size=2>[Leer m\u00e1s]<\/font> <\/a><\/p>\n","protected":false},"author":2,"featured_media":0,"comment_status":"closed","ping_status":"closed","sticky":false,"template":"","format":"standard","meta":{"footnotes":""},"categories":[1],"tags":[],"class_list":["post-7731","post","type-post","status-publish","format-standard","hentry","category-manolo-garcia"],"_links":{"self":[{"href":"https:\/\/www.manologarciaycia.com\/index.php?rest_route=\/wp\/v2\/posts\/7731","targetHints":{"allow":["GET"]}}],"collection":[{"href":"https:\/\/www.manologarciaycia.com\/index.php?rest_route=\/wp\/v2\/posts"}],"about":[{"href":"https:\/\/www.manologarciaycia.com\/index.php?rest_route=\/wp\/v2\/types\/post"}],"author":[{"embeddable":true,"href":"https:\/\/www.manologarciaycia.com\/index.php?rest_route=\/wp\/v2\/users\/2"}],"replies":[{"embeddable":true,"href":"https:\/\/www.manologarciaycia.com\/index.php?rest_route=%2Fwp%2Fv2%2Fcomments&post=7731"}],"version-history":[{"count":4,"href":"https:\/\/www.manologarciaycia.com\/index.php?rest_route=\/wp\/v2\/posts\/7731\/revisions"}],"predecessor-version":[{"id":10769,"href":"https:\/\/www.manologarciaycia.com\/index.php?rest_route=\/wp\/v2\/posts\/7731\/revisions\/10769"}],"wp:attachment":[{"href":"https:\/\/www.manologarciaycia.com\/index.php?rest_route=%2Fwp%2Fv2%2Fmedia&parent=7731"}],"wp:term":[{"taxonomy":"category","embeddable":true,"href":"https:\/\/www.manologarciaycia.com\/index.php?rest_route=%2Fwp%2Fv2%2Fcategories&post=7731"},{"taxonomy":"post_tag","embeddable":true,"href":"https:\/\/www.manologarciaycia.com\/index.php?rest_route=%2Fwp%2Fv2%2Ftags&post=7731"}],"curies":[{"name":"wp","href":"https:\/\/api.w.org\/{rel}","templated":true}]}}