{"id":7726,"date":"2013-11-12T13:41:08","date_gmt":"2013-11-12T12:41:08","guid":{"rendered":"http:\/\/www.manologarciaycia.com\/?p=7726"},"modified":"2013-11-12T13:41:08","modified_gmt":"2013-11-12T12:41:08","slug":"mg-protagoniza-un-encuentro-centrado-en-la-creacion-artistica-y-la-gestion-cultural","status":"publish","type":"post","link":"https:\/\/www.manologarciaycia.com\/?p=7726","title":{"rendered":"MG: Protagoniza un encuentro centrado en la creaci\u00f3n art\u00edstica y la gesti\u00f3n cultural"},"content":{"rendered":"<p><img loading=\"lazy\" decoding=\"async\" class=\"alignleft\" alt=\"\" src=\"http:\/\/www.manolo-garcia.com\/sites\/mgarcia\/files\/manologarciaEXT%20307.jpg\" width=\"346\" height=\"206\" \/> El artista barcelon\u00e9s hablar\u00e1 sobre su experiencia como m\u00fasico, productor, fot\u00f3grafo y artista pl\u00e1stico en una actividad enmarcada en el M\u00e1ster en Gesti\u00f3n y Direcci\u00f3n de Industrias Creativas y Art\u00edsticas<\/p>\n<p><strong>El cantante y compositor Manolo Garc\u00eda ser\u00e1 el protagonista el pr\u00f3ximo jueves, d\u00eda 14 de noviembre, de una mesa redonda en la Universidad Europea Miguel de Cervantes (UEMC) de Valladolid que llevar\u00e1 por t\u00edtulo \u201cPerspectivas sobre la creaci\u00f3n art\u00edstica y la gesti\u00f3n cultural\u201d en la que el artista barcelon\u00e9s hablar\u00e1 sobre su experiencia como m\u00fasico, productor, fot\u00f3grafo y artista pl\u00e1stico.<\/strong> Tras la masterclass, que tendr\u00e1 entrada libre hasta completar aforo, los asistentes podr\u00e1n intercambiar palabras con el cantante. El encuentro, que se desarrollar\u00e1 a las 12 horas en el Sal\u00f3n de Actos, se enmarca en las actividades programadas en el M\u00e1ster en Gesti\u00f3n y Direcci\u00f3n de Industrias Creativas y Art\u00edsticas, impartido por el Instituto de Gesti\u00f3n Cultural (IGECA), un centro que nace de la colaboraci\u00f3n entre la UEMC y la Fundaci\u00f3n Iberoamericana de las Industrias Culturales y Creativas. <\/p>\n<p>El IGECA fomenta y desarrolla la capacitaci\u00f3n espec\u00edfica en el \u00e1mbito de la cultura, las artes y la creatividad, con un equipo de profesionales y un novedoso y pr\u00e1ctico sistema de formaci\u00f3n en permanente evoluci\u00f3n y basado en la interactividad en el proceso formativo. El nuevo M\u00e1ster online est\u00e1 dirigido a aquellos profesionales que buscan una formaci\u00f3n especializada en la gesti\u00f3n de industrias culturales y creativas que lo puedan compatibilizar con su situaci\u00f3n laboral o geogr\u00e1fica. A lo largo todo el proceso formativo se realiza un asesoramiento personalizado por parte de consultores especializados y tutores de perfil acad\u00e9mico, habiendo llegado a acuerdos con las principales instituciones y empresas del sector. <\/p>\n<p>El t\u00edtulo est\u00e1 concebido como un programa educativo integral de gesti\u00f3n de empresas culturales y art\u00edsticas, para desarrollar las capacidades relativas a dirigir y gestionar empresas y organizaciones del sector de la industria cultural, con una formaci\u00f3n eminentemente pr\u00e1ctica que les facilitar\u00e1 la inserci\u00f3n laboral en el \u00e1mbito p\u00fablico como privado. El M\u00e1ster supone una innovaci\u00f3n educativa que permite satisfacer las demandas de aquellos profesionales y artistas que trabajan en el \u00e1mbito de la cultura y del arte as\u00ed como de aquellas personas que tienen expectativas de integrarse en el sector como gestores culturales. Est\u00e1 especialmente dise\u00f1ada para ocupar puestos de direcci\u00f3n de organizaciones culturales o gestionar los procesos de producci\u00f3n, comunicaci\u00f3n, financiaci\u00f3n, organizaci\u00f3n de equipos y comercializaci\u00f3n de una amplia y diversa posibilidad de negocios y proyectos culturales y art\u00edsticos.<\/p>\n<p>Fuente: UMCE &#8211; <a href='http:\/\/www.uemc.es\/es\/Empresas\/comunicacion\/noticias\/Paginas\/ManoloGarcia.aspx' target=_new>ENLACE<\/a><\/p>\n","protected":false},"excerpt":{"rendered":"<p>El artista barcelon\u00e9s hablar\u00e1 sobre su experiencia como m\u00fasico, productor, fot\u00f3grafo y artista pl\u00e1stico en una actividad enmarcada en el M\u00e1ster en Gesti\u00f3n y Direcci\u00f3n de Industrias Creativas y Art\u00edsticas El cantante y compositor Manolo Garc\u00eda ser\u00e1 el protagonista el pr\u00f3ximo jueves, d\u00eda 14 de noviembre, de una mesa redonda en la Universidad Europea Miguel<a class=\"moretag\" href=\"https:\/\/www.manologarciaycia.com\/?p=7726\" title=\"MG: Protagoniza un encuentro centrado en la creaci\u00f3n art\u00edstica y la gesti\u00f3n cultural\" target=\"_self\" rel=\"follow\"> <font face=arial size=2>[Leer m\u00e1s]<\/font> <\/a><\/p>\n","protected":false},"author":2,"featured_media":0,"comment_status":"closed","ping_status":"closed","sticky":false,"template":"","format":"standard","meta":{"footnotes":""},"categories":[1],"tags":[],"class_list":["post-7726","post","type-post","status-publish","format-standard","hentry","category-manolo-garcia"],"_links":{"self":[{"href":"https:\/\/www.manologarciaycia.com\/index.php?rest_route=\/wp\/v2\/posts\/7726","targetHints":{"allow":["GET"]}}],"collection":[{"href":"https:\/\/www.manologarciaycia.com\/index.php?rest_route=\/wp\/v2\/posts"}],"about":[{"href":"https:\/\/www.manologarciaycia.com\/index.php?rest_route=\/wp\/v2\/types\/post"}],"author":[{"embeddable":true,"href":"https:\/\/www.manologarciaycia.com\/index.php?rest_route=\/wp\/v2\/users\/2"}],"replies":[{"embeddable":true,"href":"https:\/\/www.manologarciaycia.com\/index.php?rest_route=%2Fwp%2Fv2%2Fcomments&post=7726"}],"version-history":[{"count":1,"href":"https:\/\/www.manologarciaycia.com\/index.php?rest_route=\/wp\/v2\/posts\/7726\/revisions"}],"predecessor-version":[{"id":7727,"href":"https:\/\/www.manologarciaycia.com\/index.php?rest_route=\/wp\/v2\/posts\/7726\/revisions\/7727"}],"wp:attachment":[{"href":"https:\/\/www.manologarciaycia.com\/index.php?rest_route=%2Fwp%2Fv2%2Fmedia&parent=7726"}],"wp:term":[{"taxonomy":"category","embeddable":true,"href":"https:\/\/www.manologarciaycia.com\/index.php?rest_route=%2Fwp%2Fv2%2Fcategories&post=7726"},{"taxonomy":"post_tag","embeddable":true,"href":"https:\/\/www.manologarciaycia.com\/index.php?rest_route=%2Fwp%2Fv2%2Ftags&post=7726"}],"curies":[{"name":"wp","href":"https:\/\/api.w.org\/{rel}","templated":true}]}}