{"id":772,"date":"2010-09-17T14:15:54","date_gmt":"2010-09-17T13:15:54","guid":{"rendered":"http:\/\/petaos.net\/?p=772"},"modified":"2010-09-17T14:17:02","modified_gmt":"2010-09-17T13:17:02","slug":"mg-participara-en-el-concierto-de-hoy-de-miguel-rios-en-granada","status":"publish","type":"post","link":"https:\/\/www.manologarciaycia.com\/?p=772","title":{"rendered":"MG: Participar\u00e1 en el concierto de hoy de Miguel R\u00edos en Granada"},"content":{"rendered":"<p>Miguel R\u00edos arranca hoy su gira de despedida en el Palacio de Deportes. El granadino estar\u00e1 acompa\u00f1ado por V\u00edctor Manuel y Ana Bel\u00e9n, Manolo Garc\u00eda, Amaral, Lapido y Carlos Tarque en el pistoletazo de salida de este tour por Espa\u00f1a y Latinoam\u00e9rica.<\/p>\n<p>La gira definitiva de Miguel R\u00edos, que arranca esta noche en el Palacio de Deportes de Granada, promete ser inolvidable, la guinda del pastel a una carrera de 50 a\u00f1os y colmada de \u00e9xito.<\/p>\n<p>La primera cita del &#8216;Bye Bye R\u00edos, Rock hasta el final&#8217; empieza a las 21.30 con las entradas agotadas y se plantea como una ocasi\u00f3n \u00fanica. Esto es as\u00ed no s\u00f3lo porque se desarrolla en la ciudad natal del int\u00e9rprete, sino porque durante la velada, que ser\u00e1 grabada y publicada, Miguel contar\u00e1 con la participaci\u00f3n de numerosos cantantes y grupos que le dar\u00e1n una cari\u00f1osa despedida del mundo del directo.<\/p>\n<p>Algunos de los nueve m\u00fasicos que le acompa\u00f1ar\u00e1n hoy son V\u00edctor Manuel y Ana Bel\u00e9n, Manolo Garc\u00eda, Jos\u00e9 Ignacio Lapido, ex 091; Carlos Tarque, de M-Clan, con quien har\u00e1 &#8216;Santa Luc\u00eda&#8217;; y Amaral, junto a quien interpretar\u00e1 &#8216;Al sur de Granada&#8217;. Con algunos de ellos visit\u00f3 anoche la Alhambra.<\/p>\n<p>Ma\u00f1ana s\u00e1bado el artista, que ha vendido 20.000 entradas -a 25 euros- en este doblete de conciertos en su patria chica, repite junto a \u00absiete amigos\u00bb encima de las tablas del Palacio de Deportes, donde de nuevo har\u00e1 un extenso repaso por los grandes temas de toda su carrera. Las puertas del recinto se abren una hora antes del &#8216;show&#8217; para el que ya se han realizado numerosos ensayos.<\/p>\n<p><strong>Agotadas en Madrid<\/strong><\/p>\n<p>Despu\u00e9s de medio siglo de &#8216;rock and roll&#8217;, Miguel R\u00edos quiere echar el resto y con este formato recalar\u00e1 tambi\u00e9n en Valencia, Madrid, A Coru\u00f1a, Barcelona y Santander.<\/p>\n<p>La gira, con un total de 50.000 tickets vendidos, le llevar\u00e1 el 30 de octubre al Pabell\u00f3n Fuente de San Luis, de Valencia; el 4 de noviembre al Sant Jordi Club de Barcelona y s\u00f3lo dos d\u00edas despu\u00e9s al Palacio de Deportes de Madrid, donde tambi\u00e9n ofrecer\u00e1 un espect\u00e1culo doble para cuya primera cita est\u00e1n agotadas las entradas.<br \/>\nTal es la expectaci\u00f3n, que el int\u00e9rprete de &#8216;Bienvenidos&#8217; ha sumado recientemente las citas de A Coru\u00f1a (20 de noviembre) y Santander (4 de diciembre).<\/p>\n<p>Este tour musical a lo grande, que se pasear\u00e1 hasta finales de 2011 por toda Espa\u00f1a, despu\u00e9s de cruzar en marzo el charco para hacer las Am\u00e9ricas, servir\u00e1 para poner a\u00fan m\u00e1s en el lugar que se merece a un s\u00f3lido y carism\u00e1tico int\u00e9rprete, Medalla de Oro de Andaluc\u00eda.<\/p>\n<p>Ahora, adem\u00e1s de ejercer de embajador del Milenio de Granada, tiene por delante varios conciertos y la edici\u00f3n de un libro-ced\u00e9 de car\u00e1cter autobiogr\u00e1fico. Este \u00faltimo ser\u00e1 editado y vendido por un diario de tirada nacional, el pr\u00f3ximo 24 de octubre.<\/p>\n<p><strong>V\u00eddeo-clip<\/strong><\/p>\n<p>Para una ocasi\u00f3n tan especial, algunos de sus grandes amigos, entre los que se encuentran Pereza, Juanes, Rosendo, Carlos Tarque y Amaral han querido arroparle en la interpretaci\u00f3n del tema &#8216;Bye Bye R\u00edos&#8217;, banda sonora de la gira, que estar\u00e1 incluida en el libro-ced\u00e9. La canci\u00f3n, adem\u00e1s, estar\u00e1 acompa\u00f1ada de un v\u00eddeo-clip en el que se integrar\u00e1n las portadas de grandes discos de Miguel R\u00edos como &#8216;Los viejos rockeros nunca mueren&#8217; o &#8216;Vuelvo a Granada&#8217;.<\/p>\n<p>El int\u00e9rprete ha acumulado durante estos \u00faltimos meses \u00abadrenalina\u00bb suficiente, seg\u00fan se\u00f1al\u00f3 hace unas semanas, para ofrecer de una manera \u00abrebrillante\u00bb el que ser\u00e1 su \u00ab\u00faltimo canto de cisne\u00bb.<\/p>\n<p>Fuente: Ideal Granada, aviso de Frang &#8211; <a href=\"http:\/\/www.ideal.es\/granada\/v\/20100917\/cultura\/miguel-rios-arranca-gira-20100917.html\" target=\"_blank\">ENLACE<\/a><\/p>\n","protected":false},"excerpt":{"rendered":"<p>Miguel R\u00edos arranca hoy su gira de despedida en el Palacio de Deportes. El granadino estar\u00e1 acompa\u00f1ado por V\u00edctor Manuel y Ana Bel\u00e9n, Manolo Garc\u00eda, Amaral, Lapido y Carlos Tarque en el pistoletazo de salida de este tour por Espa\u00f1a y Latinoam\u00e9rica. La gira definitiva de Miguel R\u00edos, que arranca esta noche en el Palacio<a class=\"moretag\" href=\"https:\/\/www.manologarciaycia.com\/?p=772\" title=\"MG: Participar\u00e1 en el concierto de hoy de Miguel R\u00edos en Granada\" target=\"_self\" rel=\"follow\"> <font face=arial size=2>[Leer m\u00e1s]<\/font> <\/a><\/p>\n","protected":false},"author":2,"featured_media":0,"comment_status":"closed","ping_status":"closed","sticky":false,"template":"","format":"standard","meta":{"footnotes":""},"categories":[1,23],"tags":[134],"class_list":["post-772","post","type-post","status-publish","format-standard","hentry","category-manolo-garcia","category-otros","tag-manolo-agrcia-miguel-rios-concierto-granada"],"_links":{"self":[{"href":"https:\/\/www.manologarciaycia.com\/index.php?rest_route=\/wp\/v2\/posts\/772","targetHints":{"allow":["GET"]}}],"collection":[{"href":"https:\/\/www.manologarciaycia.com\/index.php?rest_route=\/wp\/v2\/posts"}],"about":[{"href":"https:\/\/www.manologarciaycia.com\/index.php?rest_route=\/wp\/v2\/types\/post"}],"author":[{"embeddable":true,"href":"https:\/\/www.manologarciaycia.com\/index.php?rest_route=\/wp\/v2\/users\/2"}],"replies":[{"embeddable":true,"href":"https:\/\/www.manologarciaycia.com\/index.php?rest_route=%2Fwp%2Fv2%2Fcomments&post=772"}],"version-history":[{"count":2,"href":"https:\/\/www.manologarciaycia.com\/index.php?rest_route=\/wp\/v2\/posts\/772\/revisions"}],"predecessor-version":[{"id":774,"href":"https:\/\/www.manologarciaycia.com\/index.php?rest_route=\/wp\/v2\/posts\/772\/revisions\/774"}],"wp:attachment":[{"href":"https:\/\/www.manologarciaycia.com\/index.php?rest_route=%2Fwp%2Fv2%2Fmedia&parent=772"}],"wp:term":[{"taxonomy":"category","embeddable":true,"href":"https:\/\/www.manologarciaycia.com\/index.php?rest_route=%2Fwp%2Fv2%2Fcategories&post=772"},{"taxonomy":"post_tag","embeddable":true,"href":"https:\/\/www.manologarciaycia.com\/index.php?rest_route=%2Fwp%2Fv2%2Ftags&post=772"}],"curies":[{"name":"wp","href":"https:\/\/api.w.org\/{rel}","templated":true}]}}